{"id":43454,"date":"2026-04-28T17:57:00","date_gmt":"2026-04-28T20:57:00","guid":{"rendered":"https:\/\/diariodocomercio.com.br\/mix\/?p=43454"},"modified":"2026-04-28T16:50:09","modified_gmt":"2026-04-28T19:50:09","slug":"fgts-inclui-parcela-adicional-de-r-2-900-e-brasileiros-sao-avisados-sobre-saque-de-novo-valor","status":"publish","type":"post","link":"https:\/\/diariodocomercio.com.br\/mix\/fgts-inclui-parcela-adicional-de-r-2-900-e-brasileiros-sao-avisados-sobre-saque-de-novo-valor\/","title":{"rendered":"FGTS inclui parcela adicional de R$ 2.900 e brasileiros s\u00e3o avisados sobre saque de novo valor"},"content":{"rendered":"\n<p>Trabalhadores com carteira assinada nascidos em abril e maio j\u00e1 podem acessar parte do saldo do Fundo de Garantia do Tempo de Servi\u00e7o por meio da modalidade saque-anivers\u00e1rio. Em 2026, o modelo prev\u00ea a libera\u00e7\u00e3o de valores que incluem uma parcela adicional fixa, que pode chegar a at\u00e9 R$ 2.900, dependendo do saldo dispon\u00edvel na conta.<\/p>\n\n\n\n<p>O saque fica dispon\u00edvel a partir do primeiro dia \u00fatil do m\u00eas de nascimento do trabalhador e pode ser retirado dentro de um prazo de at\u00e9 tr\u00eas meses. Caso o valor n\u00e3o seja movimentado nesse per\u00edodo, ele retorna automaticamente \u00e0 conta do fundo.<\/p>\n\n\n\n<p>O saque-anivers\u00e1rio \u00e9 uma alternativa ao modelo tradicional de retirada do FGTS, permitindo que o trabalhador saque anualmente uma parte do saldo. Para aderir, \u00e9 necess\u00e1rio realizar a op\u00e7\u00e3o de forma ativa pelo aplicativo oficial ou pelos canais digitais da Caixa Econ\u00f4mica Federal.<\/p>\n\n\n\n<p>O valor liberado varia conforme o total acumulado na conta. Quanto maior o saldo, menor o percentual de saque, mas maior a parcela fixa adicional inclu\u00edda no c\u00e1lculo, que pode alcan\u00e7ar at\u00e9 R$ 2.900.<\/p>\n\n\n\n<p>Quem n\u00e3o opta pela modalidade permanece automaticamente no saque-rescis\u00e3o, que permite a retirada integral do saldo em caso de demiss\u00e3o sem justa causa.<\/p>\n\n\n\n<h2 class=\"wp-block-heading\"><strong>Prazo e regras para retirada<\/strong><\/h2>\n\n\n\n<p>Ap\u00f3s a libera\u00e7\u00e3o, o trabalhador tem at\u00e9 o \u00faltimo dia \u00fatil do segundo m\u00eas seguinte ao anivers\u00e1rio para realizar o saque. Se n\u00e3o houver movimenta\u00e7\u00e3o, o dinheiro permanece aplicado e continua rendendo conforme as regras do fundo.<\/p>\n\n\n\n<p>A ades\u00e3o ao saque-anivers\u00e1rio pode ser cancelada, mas n\u00e3o de forma imediata. O retorno ao modelo tradicional s\u00f3 passa a valer ap\u00f3s um per\u00edodo de car\u00eancia, que come\u00e7a a contar a partir do pedido de mudan\u00e7a e pode levar at\u00e9 25 meses.<\/p>\n\n\n\n<h2 class=\"wp-block-heading\"><strong>Pontos de aten\u00e7\u00e3o em caso de demiss\u00e3o<\/strong><\/h2>\n\n\n\n<p>Um dos principais pontos de aten\u00e7\u00e3o da modalidade est\u00e1 nas regras em caso de demiss\u00e3o sem justa causa. Nessa situa\u00e7\u00e3o, o trabalhador n\u00e3o poder\u00e1 sacar o saldo total do FGTS, tendo acesso apenas \u00e0 multa rescis\u00f3ria de 40%.<\/p>\n\n\n\n<p>O restante do valor permanece retido na conta e segue sendo liberado gradualmente, ano a ano, conforme o calend\u00e1rio do saque-anivers\u00e1rio.<\/p>\n\n\n\n<p>Para verificar valores, extratos e calend\u00e1rio, a recomenda\u00e7\u00e3o \u00e9 utilizar apenas os canais oficiais da Caixa, como o aplicativo FGTS ou o site do banco. O uso dessas plataformas garante mais seguran\u00e7a e evita riscos de fraude.<\/p>\n","protected":false},"excerpt":{"rendered":"<p>Trabalhadores com carteira assinada nascidos em abril e maio j\u00e1 podem acessar parte do saldo do Fundo de Garantia do Tempo de Servi\u00e7o por meio da modalidade saque-anivers\u00e1rio. Em 2026, o modelo prev\u00ea a libera\u00e7\u00e3o de valores que incluem uma parcela adicional fixa, que pode chegar a at\u00e9 R$ 2.900, dependendo do saldo dispon\u00edvel na [&hellip;]<\/p>\n","protected":false},"author":9,"featured_media":5119,"comment_status":"closed","ping_status":"closed","sticky":false,"template":"","format":"standard","meta":{"jnews-multi-image_gallery":[],"jnews_single_post":{"format":"standard"},"jnews_primary_category":[],"jnews_social_meta":[],"jnews_override_counter":[],"jnews_post_split":[],"footnotes":""},"categories":[1],"tags":[],"class_list":["post-43454","post","type-post","status-publish","format-standard","has-post-thumbnail","hentry","category-geral"],"_referencia":"","_links":{"self":[{"href":"https:\/\/diariodocomercio.com.br\/mix\/wp-json\/wp\/v2\/posts\/43454","targetHints":{"allow":["GET"]}}],"collection":[{"href":"https:\/\/diariodocomercio.com.br\/mix\/wp-json\/wp\/v2\/posts"}],"about":[{"href":"https:\/\/diariodocomercio.com.br\/mix\/wp-json\/wp\/v2\/types\/post"}],"author":[{"embeddable":true,"href":"https:\/\/diariodocomercio.com.br\/mix\/wp-json\/wp\/v2\/users\/9"}],"replies":[{"embeddable":true,"href":"https:\/\/diariodocomercio.com.br\/mix\/wp-json\/wp\/v2\/comments?post=43454"}],"version-history":[{"count":1,"href":"https:\/\/diariodocomercio.com.br\/mix\/wp-json\/wp\/v2\/posts\/43454\/revisions"}],"predecessor-version":[{"id":43455,"href":"https:\/\/diariodocomercio.com.br\/mix\/wp-json\/wp\/v2\/posts\/43454\/revisions\/43455"}],"wp:featuredmedia":[{"embeddable":true,"href":"https:\/\/diariodocomercio.com.br\/mix\/wp-json\/wp\/v2\/media\/5119"}],"wp:attachment":[{"href":"https:\/\/diariodocomercio.com.br\/mix\/wp-json\/wp\/v2\/media?parent=43454"}],"wp:term":[{"taxonomy":"category","embeddable":true,"href":"https:\/\/diariodocomercio.com.br\/mix\/wp-json\/wp\/v2\/categories?post=43454"},{"taxonomy":"post_tag","embeddable":true,"href":"https:\/\/diariodocomercio.com.br\/mix\/wp-json\/wp\/v2\/tags?post=43454"}],"curies":[{"name":"wp","href":"https:\/\/api.w.org\/{rel}","templated":true}]}}