{"id":43456,"date":"2026-04-29T12:01:00","date_gmt":"2026-04-29T15:01:00","guid":{"rendered":"https:\/\/diariodocomercio.com.br\/mix\/?p=43456"},"modified":"2026-04-28T16:58:59","modified_gmt":"2026-04-28T19:58:59","slug":"aviso-importante-para-os-clientes-com-conta-ativa-no-bradesco","status":"publish","type":"post","link":"https:\/\/diariodocomercio.com.br\/mix\/aviso-importante-para-os-clientes-com-conta-ativa-no-bradesco\/","title":{"rendered":"Aviso importante para os clientes com conta ativa no Bradesco"},"content":{"rendered":"\n<p>Clientes com conta ativa no Bradesco devem ficar atentos a um movimento relevante no mercado financeiro: a institui\u00e7\u00e3o est\u00e1 entre os acionistas que participam da oferta p\u00fablica de a\u00e7\u00f5es da Compass G\u00e1s e Energia, opera\u00e7\u00e3o que pode se tornar o primeiro IPO da B3 desde 2021.<\/p>\n\n\n\n<p>A oferta, anunciada nesta semana, envolve inicialmente cerca de 89,3 milh\u00f5es de a\u00e7\u00f5es e ser\u00e1 totalmente secund\u00e1ria, ou seja, os recursos ir\u00e3o para os atuais acionistas vendedores, e n\u00e3o diretamente para a empresa. Entre esses acionistas est\u00e3o a Cosan, ve\u00edculos da Atmos Capital, o Bradesco, al\u00e9m de outras gestoras e investidores.<\/p>\n\n\n\n<p>A faixa indicativa de pre\u00e7o das a\u00e7\u00f5es foi definida entre R$ 28 e R$ 35, o que pode levar a uma capta\u00e7\u00e3o inicial de cerca de R$ 2,5 bilh\u00f5es, podendo chegar a aproximadamente R$ 4,6 bilh\u00f5es com lotes adicionais.<\/p>\n\n\n\n<p>A precifica\u00e7\u00e3o final est\u00e1 prevista para o dia 7 de maio, ap\u00f3s o processo de bookbuilding, etapa em que investidores indicam o interesse pelos pap\u00e9is e ajudam a definir o valor final da oferta.<\/p>\n\n\n\n<h2 class=\"wp-block-heading\"><strong>Reestrutura\u00e7\u00e3o prepara estreia na Bolsa<\/strong><\/h2>\n\n\n\n<p>Antes do lan\u00e7amento da oferta, a Compass passou por uma reorganiza\u00e7\u00e3o societ\u00e1ria conduzida pela Cosan. A opera\u00e7\u00e3o transferiu diretamente para a empresa cerca de 142,8 milh\u00f5es de a\u00e7\u00f5es, alterando a estrutura de participa\u00e7\u00e3o e abrindo caminho para a listagem.<\/p>\n\n\n\n<p>Com isso, a Cosan passou a deter aproximadamente 20% do capital da Compass de forma direta, consolidando a estrat\u00e9gia de abertura de mercado.<\/p>\n\n\n\n<h2 class=\"wp-block-heading\"><strong>Movimento sinaliza retomada dos IPOs<\/strong><\/h2>\n\n\n\n<p>Caso seja conclu\u00edda, a opera\u00e7\u00e3o marcar\u00e1 a retomada das grandes ofertas p\u00fablicas iniciais na bolsa brasileira, ap\u00f3s um per\u00edodo de baixa atividade desde a abertura de capital do Nubank, em 2021.<\/p>\n\n\n\n<p>Especialistas avaliam que o setor de g\u00e1s natural, no qual a Compass atua, apresenta forte potencial de crescimento, especialmente com a expans\u00e3o do mercado livre de energia no pa\u00eds.<\/p>\n\n\n\n<p>Embora a opera\u00e7\u00e3o n\u00e3o altere diretamente servi\u00e7os banc\u00e1rios ou contas correntes, a participa\u00e7\u00e3o do Bradesco como acionista vendedor refor\u00e7a sua atua\u00e7\u00e3o no mercado de investimentos e pode impactar estrat\u00e9gias financeiras e produtos oferecidos aos clientes no longo prazo.<\/p>\n","protected":false},"excerpt":{"rendered":"<p>Clientes com conta ativa no Bradesco devem ficar atentos a um movimento relevante no mercado financeiro: a institui\u00e7\u00e3o est\u00e1 entre os acionistas que participam da oferta p\u00fablica de a\u00e7\u00f5es da Compass G\u00e1s e Energia, opera\u00e7\u00e3o que pode se tornar o primeiro IPO da B3 desde 2021. A oferta, anunciada nesta semana, envolve inicialmente cerca de [&hellip;]<\/p>\n","protected":false},"author":9,"featured_media":14914,"comment_status":"closed","ping_status":"closed","sticky":false,"template":"","format":"standard","meta":{"jnews-multi-image_gallery":[],"jnews_single_post":{"format":"standard"},"jnews_primary_category":[],"jnews_social_meta":[],"jnews_override_counter":[],"jnews_post_split":[],"footnotes":""},"categories":[1],"tags":[],"class_list":["post-43456","post","type-post","status-publish","format-standard","has-post-thumbnail","hentry","category-geral"],"_referencia":"","_links":{"self":[{"href":"https:\/\/diariodocomercio.com.br\/mix\/wp-json\/wp\/v2\/posts\/43456","targetHints":{"allow":["GET"]}}],"collection":[{"href":"https:\/\/diariodocomercio.com.br\/mix\/wp-json\/wp\/v2\/posts"}],"about":[{"href":"https:\/\/diariodocomercio.com.br\/mix\/wp-json\/wp\/v2\/types\/post"}],"author":[{"embeddable":true,"href":"https:\/\/diariodocomercio.com.br\/mix\/wp-json\/wp\/v2\/users\/9"}],"replies":[{"embeddable":true,"href":"https:\/\/diariodocomercio.com.br\/mix\/wp-json\/wp\/v2\/comments?post=43456"}],"version-history":[{"count":1,"href":"https:\/\/diariodocomercio.com.br\/mix\/wp-json\/wp\/v2\/posts\/43456\/revisions"}],"predecessor-version":[{"id":43457,"href":"https:\/\/diariodocomercio.com.br\/mix\/wp-json\/wp\/v2\/posts\/43456\/revisions\/43457"}],"wp:featuredmedia":[{"embeddable":true,"href":"https:\/\/diariodocomercio.com.br\/mix\/wp-json\/wp\/v2\/media\/14914"}],"wp:attachment":[{"href":"https:\/\/diariodocomercio.com.br\/mix\/wp-json\/wp\/v2\/media?parent=43456"}],"wp:term":[{"taxonomy":"category","embeddable":true,"href":"https:\/\/diariodocomercio.com.br\/mix\/wp-json\/wp\/v2\/categories?post=43456"},{"taxonomy":"post_tag","embeddable":true,"href":"https:\/\/diariodocomercio.com.br\/mix\/wp-json\/wp\/v2\/tags?post=43456"}],"curies":[{"name":"wp","href":"https:\/\/api.w.org\/{rel}","templated":true}]}}