{"id":43465,"date":"2026-04-28T17:55:01","date_gmt":"2026-04-28T20:55:01","guid":{"rendered":"https:\/\/diariodocomercio.com.br\/mix\/?p=43465"},"modified":"2026-04-28T17:55:04","modified_gmt":"2026-04-28T20:55:04","slug":"escala-5x2-ja-esta-em-vigor-no-brasil-e-trabalhadores-comemoram-mais-dias-de-descanso","status":"publish","type":"post","link":"https:\/\/diariodocomercio.com.br\/mix\/escala-5x2-ja-esta-em-vigor-no-brasil-e-trabalhadores-comemoram-mais-dias-de-descanso\/","title":{"rendered":"Escala 5&#215;2 j\u00e1 est\u00e1 em vigor no Brasil e trabalhadores comemoram mais dias de descanso"},"content":{"rendered":"\n<p>A <strong>Chilli Beans, <\/strong>operando no ramo de acess\u00f3rios, implementou em outubro de 2025 uma nova estrat\u00e9gia nas suas lojas: a <strong>escala de trabalho 5&#215;2<\/strong>. Esta mudan\u00e7a, v\u00e1lida em todo o Brasil, foi idealizada por Caito Maia, o fundador da marca.<\/p>\n\n\n\n<p>O objetivo \u00e9 atrair a gera\u00e7\u00e3o Z, fornecendo uma jornada de cinco dias seguidos de dois de descanso. Em abril de 2026, j\u00e1 s\u00e3o 50 lojas seguindo este formato.<\/p>\n\n\n\n<h2 class=\"wp-block-heading\">Estrat\u00e9gia inovadora em a\u00e7\u00e3o<\/h2>\n\n\n\n<p>A decis\u00e3o de alterar a escala de trabalho veio antes da aprova\u00e7\u00e3o da proposta para acabar com a escala 6&#215;1 pela Comiss\u00e3o de Constitui\u00e7\u00e3o e Justi\u00e7a da C\u00e2mara dos Deputados, ocorrida este ano.<\/p>\n\n\n\n<p>A Chilli Beans lidera essa tend\u00eancia, adaptando-se antes mesmo de qualquer mudan\u00e7a legal obrigat\u00f3ria. Essas medidas visam responder \u00e0s prefer\u00eancias e expectativas dos jovens nascidos entre 1995 e 2010.<\/p>\n\n\n\n<h2 class=\"wp-block-heading\">Resultados positivos para o varejo<\/h2>\n\n\n\n<p>A implanta\u00e7\u00e3o da escala 5&#215;2 trouxe benef\u00edcios claros ao ambiente de trabalho. A Chilli Beans percebeu menor rotatividade de pessoal e um clima organizacional mais positivo.<\/p>\n\n\n\n<p>A nova escala tamb\u00e9m levou a alguns ajustes operacionais, como a contrata\u00e7\u00e3o de novos colaboradores em algumas lojas. Contudo, o faturamento permanece est\u00e1vel.<\/p>\n\n\n\n<h2 class=\"wp-block-heading\">Expectativas<\/h2>\n\n\n\n<p>A empresa aposta na nova escala de trabalho para fortalecer a imagem de marca inovadora e alinhada com as tend\u00eancias atuais de gest\u00e3o de pessoas. A aprova\u00e7\u00e3o final do projeto na C\u00e2mara dos Deputados ainda aguarda desfecho, mas a Chilli Beans j\u00e1 experimenta o sucesso em seu setor com essa abordagem.<\/p>\n\n\n\n<p>Conforme se aguarda a decis\u00e3o final da C\u00e2mara, a Chilli Beans continua a operar sob o modelo 5&#215;2. A expectativa \u00e9 que, com o avan\u00e7o legislativo, mais empresas possam adotar pr\u00e1ticas semelhantes.<\/p>\n","protected":false},"excerpt":{"rendered":"<p>Decis\u00e3o foi tomada. Confira detalhes.<\/p>\n","protected":false},"author":12,"featured_media":15568,"comment_status":"closed","ping_status":"closed","sticky":false,"template":"","format":"standard","meta":{"jnews-multi-image_gallery":[],"jnews_single_post":{"format":"standard"},"jnews_primary_category":[],"jnews_social_meta":[],"jnews_override_counter":[],"jnews_post_split":[],"footnotes":""},"categories":[1],"tags":[],"class_list":["post-43465","post","type-post","status-publish","format-standard","has-post-thumbnail","hentry","category-geral"],"_referencia":"","_links":{"self":[{"href":"https:\/\/diariodocomercio.com.br\/mix\/wp-json\/wp\/v2\/posts\/43465","targetHints":{"allow":["GET"]}}],"collection":[{"href":"https:\/\/diariodocomercio.com.br\/mix\/wp-json\/wp\/v2\/posts"}],"about":[{"href":"https:\/\/diariodocomercio.com.br\/mix\/wp-json\/wp\/v2\/types\/post"}],"author":[{"embeddable":true,"href":"https:\/\/diariodocomercio.com.br\/mix\/wp-json\/wp\/v2\/users\/12"}],"replies":[{"embeddable":true,"href":"https:\/\/diariodocomercio.com.br\/mix\/wp-json\/wp\/v2\/comments?post=43465"}],"version-history":[{"count":2,"href":"https:\/\/diariodocomercio.com.br\/mix\/wp-json\/wp\/v2\/posts\/43465\/revisions"}],"predecessor-version":[{"id":43468,"href":"https:\/\/diariodocomercio.com.br\/mix\/wp-json\/wp\/v2\/posts\/43465\/revisions\/43468"}],"wp:featuredmedia":[{"embeddable":true,"href":"https:\/\/diariodocomercio.com.br\/mix\/wp-json\/wp\/v2\/media\/15568"}],"wp:attachment":[{"href":"https:\/\/diariodocomercio.com.br\/mix\/wp-json\/wp\/v2\/media?parent=43465"}],"wp:term":[{"taxonomy":"category","embeddable":true,"href":"https:\/\/diariodocomercio.com.br\/mix\/wp-json\/wp\/v2\/categories?post=43465"},{"taxonomy":"post_tag","embeddable":true,"href":"https:\/\/diariodocomercio.com.br\/mix\/wp-json\/wp\/v2\/tags?post=43465"}],"curies":[{"name":"wp","href":"https:\/\/api.w.org\/{rel}","templated":true}]}}