{"id":43472,"date":"2026-04-28T18:27:00","date_gmt":"2026-04-28T21:27:00","guid":{"rendered":"https:\/\/diariodocomercio.com.br\/mix\/?p=43472"},"modified":"2026-04-28T18:09:55","modified_gmt":"2026-04-28T21:09:55","slug":"multas-de-pedagios-no-brasil-estao-suspensas-ate-16-de-novembro","status":"publish","type":"post","link":"https:\/\/diariodocomercio.com.br\/mix\/multas-de-pedagios-no-brasil-estao-suspensas-ate-16-de-novembro\/","title":{"rendered":"Multas de ped\u00e1gios no Brasil est\u00e3o suspensas at\u00e9 16 de novembro"},"content":{"rendered":"\n<p>O governo brasileiro introduziu uma medida tempor\u00e1ria que impacta motoristas em todo o pa\u00eds. As <strong>multas<\/strong> por falta de pagamento no sistema de <strong>ped\u00e1gio eletr\u00f4nico,<\/strong> tamb\u00e9m conhecido como free flow, foram suspensas at\u00e9 <strong>16 de novembro<\/strong> de 2026.<\/p>\n\n\n\n<p>Essa decis\u00e3o visa oferecer um per\u00edodo de adapta\u00e7\u00e3o aos motoristas, permitindo que eles se ajustem ao novo modelo e regularizem suas situa\u00e7\u00f5es financeiras.<\/p>\n\n\n\n<p>Durante esta suspens\u00e3o, motoristas que passarem pelos p\u00f3rticos sem pagar n\u00e3o ser\u00e3o multados nem ter\u00e3o pontos adicionados \u00e0 carteira de habilita\u00e7\u00e3o. \u00c9 crucial ressaltar, por\u00e9m, que a cobran\u00e7a do ped\u00e1gio permanece necess\u00e1ria e deve ser quitada, mesmo sem penaliza\u00e7\u00f5es imediatas.<\/p>\n\n\n\n<p>Este prazo de adapta\u00e7\u00e3o foi criado para facilitar a familiariza\u00e7\u00e3o dos usu\u00e1rios com o sistema eletr\u00f4nico e resolver quest\u00f5es pendentes.<\/p>\n\n\n\n<h2 class=\"wp-block-heading\">O que \u00e9 o sistema free flow?<\/h2>\n\n\n\n<p>O sistema free flow \u00e9 uma tecnologia de cobran\u00e7a de ped\u00e1gio que n\u00e3o utiliza barreiras f\u00edsicas nas rodovias. Os ve\u00edculos s\u00e3o identificados automaticamente por c\u00e2meras e sensores, e o valor do ped\u00e1gio \u00e9 cobrado conforme o uso da via.<\/p>\n\n\n\n<p>Essa inova\u00e7\u00e3o elimina a necessidade de paradas e promete melhorar o fluxo de tr\u00e1fego, mas requer que os motoristas estejam registrados e suas contas tarif\u00e1rias estejam em dia.<\/p>\n\n\n\n<h2 class=\"wp-block-heading\">Impactos da suspens\u00e3o tempor\u00e1ria<\/h2>\n\n\n\n<p>Essa medida tempor\u00e1ria foi implementada para corrigir defici\u00eancias na comunica\u00e7\u00e3o e apoiar a transi\u00e7\u00e3o para o modelo eletr\u00f4nico. As autoridades esperam que, com o prazo estendido, os motoristas possam regularizar d\u00edvidas pendentes e se familiarizar melhor com o free flow.<\/p>\n\n\n\n<p>At\u00e9 16 de novembro de 2026, motoristas devem regularizar suas pend\u00eancias financeiras relacionadas ao ped\u00e1gio eletr\u00f4nico. Ap\u00f3s essa data, as penalidades voltar\u00e3o a ser aplicadas normalmente. Motoristas que n\u00e3o estiverem em conformidade poder\u00e3o enfrentar multas e perda de pontos na carteira.&nbsp;<\/p>\n","protected":false},"excerpt":{"rendered":"<p>O governo brasileiro introduziu uma medida que impacta motoristas em todo o pa\u00eds. <\/p>\n","protected":false},"author":12,"featured_media":15494,"comment_status":"closed","ping_status":"closed","sticky":false,"template":"","format":"standard","meta":{"jnews-multi-image_gallery":[],"jnews_single_post":{"format":"standard"},"jnews_primary_category":[],"jnews_social_meta":[],"jnews_override_counter":[],"jnews_post_split":[],"footnotes":""},"categories":[1],"tags":[],"class_list":["post-43472","post","type-post","status-publish","format-standard","has-post-thumbnail","hentry","category-geral"],"_referencia":"","_links":{"self":[{"href":"https:\/\/diariodocomercio.com.br\/mix\/wp-json\/wp\/v2\/posts\/43472","targetHints":{"allow":["GET"]}}],"collection":[{"href":"https:\/\/diariodocomercio.com.br\/mix\/wp-json\/wp\/v2\/posts"}],"about":[{"href":"https:\/\/diariodocomercio.com.br\/mix\/wp-json\/wp\/v2\/types\/post"}],"author":[{"embeddable":true,"href":"https:\/\/diariodocomercio.com.br\/mix\/wp-json\/wp\/v2\/users\/12"}],"replies":[{"embeddable":true,"href":"https:\/\/diariodocomercio.com.br\/mix\/wp-json\/wp\/v2\/comments?post=43472"}],"version-history":[{"count":3,"href":"https:\/\/diariodocomercio.com.br\/mix\/wp-json\/wp\/v2\/posts\/43472\/revisions"}],"predecessor-version":[{"id":43475,"href":"https:\/\/diariodocomercio.com.br\/mix\/wp-json\/wp\/v2\/posts\/43472\/revisions\/43475"}],"wp:featuredmedia":[{"embeddable":true,"href":"https:\/\/diariodocomercio.com.br\/mix\/wp-json\/wp\/v2\/media\/15494"}],"wp:attachment":[{"href":"https:\/\/diariodocomercio.com.br\/mix\/wp-json\/wp\/v2\/media?parent=43472"}],"wp:term":[{"taxonomy":"category","embeddable":true,"href":"https:\/\/diariodocomercio.com.br\/mix\/wp-json\/wp\/v2\/categories?post=43472"},{"taxonomy":"post_tag","embeddable":true,"href":"https:\/\/diariodocomercio.com.br\/mix\/wp-json\/wp\/v2\/tags?post=43472"}],"curies":[{"name":"wp","href":"https:\/\/api.w.org\/{rel}","templated":true}]}}