{"id":43476,"date":"2026-04-28T18:41:00","date_gmt":"2026-04-28T21:41:00","guid":{"rendered":"https:\/\/diariodocomercio.com.br\/mix\/?p=43476"},"modified":"2026-04-28T18:25:46","modified_gmt":"2026-04-28T21:25:46","slug":"governo-confirma-auxilio-para-ajudar-trabalhadores-com-dividas-no-brasil","status":"publish","type":"post","link":"https:\/\/diariodocomercio.com.br\/mix\/governo-confirma-auxilio-para-ajudar-trabalhadores-com-dividas-no-brasil\/","title":{"rendered":"Governo confirma aux\u00edlio para ajudar trabalhadores com d\u00edvidas no Brasil"},"content":{"rendered":"\n<p>O governo federal anunciou o lan\u00e7amento do <strong>Desenrola Brasil 2.0,<\/strong> uma nova fase do programa voltado para <strong>cidad\u00e3os endividados. <\/strong>Em 2026, os brasileiros poder\u00e3o usar o Fundo de Garantia do Tempo de Servi\u00e7o (FGTS) para quitar integralmente d\u00edvidas de alto custo, como as de cart\u00e3o de cr\u00e9dito.&nbsp;<\/p>\n\n\n\n<p>As negocia\u00e7\u00f5es entre o governo e os bancos preveem a possibilidade de descontos significativos no valor das d\u00edvidas. No entanto, as condi\u00e7\u00f5es exatas e os percentuais de desconto ainda est\u00e3o em discuss\u00e3o.<\/p>\n\n\n\n<h2 class=\"wp-block-heading\">Al\u00edvio para os devedores<\/h2>\n\n\n\n<p>Em 2023, o programa Desenrola Brasil renegociou d\u00edvidas totalizando R$ 29 bilh\u00f5es, beneficiando 10,7 milh\u00f5es de brasileiros. Nesta nova etapa, o uso do FGTS representa um recurso diferencial para amenizar d\u00edvidas com juros que chegam a at\u00e9 10% ao m\u00eas.<\/p>\n\n\n\n<p>Para assegurar a implementa\u00e7\u00e3o eficaz do programa, recursos do Fundo Garantidor de Opera\u00e7\u00f5es ser\u00e3o utilizados para proteger as institui\u00e7\u00f5es financeiras. A abordagem almeja garantir um equil\u00edbrio entre a seguran\u00e7a dos bancos e o apoio aos consumidores.<\/p>\n\n\n\n<h2 class=\"wp-block-heading\">An\u00fancio oficial<\/h2>\n\n\n\n<p>Espera-se que o presidente Luiz In\u00e1cio Lula da Silva anuncie o programa oficialmente em 1\u00ba de maio de 2026, durante as celebra\u00e7\u00f5es do Dia do Trabalhador. As negocia\u00e7\u00f5es com os bancos est\u00e3o em est\u00e1gio avan\u00e7ado e o objetivo \u00e9 lan\u00e7ar o programa como uma medida \u00fanica e impactante para reverter a inadimpl\u00eancia e estimular a economia.<\/p>\n\n\n\n<p>O cen\u00e1rio econ\u00f4mico atual torna o Desenrola Brasil 2.0 uma proposta significativa. Com o an\u00fancio previsto para os pr\u00f3ximos dias, o programa visa proporcionar aos brasileiros uma oportunidade para reorganizar suas finan\u00e7as.<\/p>\n","protected":false},"excerpt":{"rendered":"<p>As negocia\u00e7\u00f5es entre o governo e os bancos preveem a possibilidade de descontos significativos.<\/p>\n","protected":false},"author":12,"featured_media":14195,"comment_status":"closed","ping_status":"closed","sticky":false,"template":"","format":"standard","meta":{"jnews-multi-image_gallery":[],"jnews_single_post":{"format":"standard"},"jnews_primary_category":[],"jnews_social_meta":[],"jnews_override_counter":[],"jnews_post_split":[],"footnotes":""},"categories":[1],"tags":[],"class_list":["post-43476","post","type-post","status-publish","format-standard","has-post-thumbnail","hentry","category-geral"],"_referencia":"","_links":{"self":[{"href":"https:\/\/diariodocomercio.com.br\/mix\/wp-json\/wp\/v2\/posts\/43476","targetHints":{"allow":["GET"]}}],"collection":[{"href":"https:\/\/diariodocomercio.com.br\/mix\/wp-json\/wp\/v2\/posts"}],"about":[{"href":"https:\/\/diariodocomercio.com.br\/mix\/wp-json\/wp\/v2\/types\/post"}],"author":[{"embeddable":true,"href":"https:\/\/diariodocomercio.com.br\/mix\/wp-json\/wp\/v2\/users\/12"}],"replies":[{"embeddable":true,"href":"https:\/\/diariodocomercio.com.br\/mix\/wp-json\/wp\/v2\/comments?post=43476"}],"version-history":[{"count":2,"href":"https:\/\/diariodocomercio.com.br\/mix\/wp-json\/wp\/v2\/posts\/43476\/revisions"}],"predecessor-version":[{"id":43478,"href":"https:\/\/diariodocomercio.com.br\/mix\/wp-json\/wp\/v2\/posts\/43476\/revisions\/43478"}],"wp:featuredmedia":[{"embeddable":true,"href":"https:\/\/diariodocomercio.com.br\/mix\/wp-json\/wp\/v2\/media\/14195"}],"wp:attachment":[{"href":"https:\/\/diariodocomercio.com.br\/mix\/wp-json\/wp\/v2\/media?parent=43476"}],"wp:term":[{"taxonomy":"category","embeddable":true,"href":"https:\/\/diariodocomercio.com.br\/mix\/wp-json\/wp\/v2\/categories?post=43476"},{"taxonomy":"post_tag","embeddable":true,"href":"https:\/\/diariodocomercio.com.br\/mix\/wp-json\/wp\/v2\/tags?post=43476"}],"curies":[{"name":"wp","href":"https:\/\/api.w.org\/{rel}","templated":true}]}}