{"id":43479,"date":"2026-04-28T19:07:00","date_gmt":"2026-04-28T22:07:00","guid":{"rendered":"https:\/\/diariodocomercio.com.br\/mix\/?p=43479"},"modified":"2026-04-28T18:34:28","modified_gmt":"2026-04-28T21:34:28","slug":"erro-comum-faz-milhoes-de-brasileiros-pagarem-mais-na-conta-de-luz","status":"publish","type":"post","link":"https:\/\/diariodocomercio.com.br\/mix\/erro-comum-faz-milhoes-de-brasileiros-pagarem-mais-na-conta-de-luz\/","title":{"rendered":"Erro comum faz milh\u00f5es de brasileiros pagarem mais na conta de luz"},"content":{"rendered":"\n<p>Milh\u00f5es de fam\u00edlias no Brasil est\u00e3o enfrentando dificuldades financeiras em 2026 devido a <strong>falhas no acesso \u00e0 Tarifa Social de Energia El\u00e9trica <\/strong>(TSEE), programa crucial para auxiliar com o desconto na conta de luz. Cerca de 7,7 milh\u00f5es de fam\u00edlias eleg\u00edveis, listadas no Cadastro \u00danico (Cad\u00danico), n\u00e3o recebem esse benef\u00edcio devido a problemas cadastrais e falta de atualiza\u00e7\u00e3o nos sistemas de dados das distribuidoras.<\/p>\n\n\n\n<p>Os principais obst\u00e1culos incluem inconsist\u00eancias nos dados, como desatualiza\u00e7\u00e3o de informa\u00e7\u00f5es e diverg\u00eancias entre o titular da fatura de energia e os registros do Cad\u00danico.<\/p>\n\n\n\n<p>Tamb\u00e9m h\u00e1 casos de fornecimento irregular de energia, conhecidos como &#8220;gatos&#8221;. Essas falhas impedem o reconhecimento autom\u00e1tico e a concess\u00e3o do desconto.<\/p>\n\n\n\n<h2 class=\"wp-block-heading\">Impacto da Tarifa Social de Energia El\u00e9trica<\/h2>\n\n\n\n<p>A Tarifa Social, reformulada, visa garantir tarifa zero para consumos de at\u00e9 80 kWh mensais, conforme a Medida Provis\u00f3ria n\u00ba 1.300\/2025. Se plenamente implementada, poderia aliviar financeiramente mais de 24 milh\u00f5es de fam\u00edlias.<\/p>\n\n\n\n<p>No entanto, os desafios no gerenciamento de dados e no cruzamento de informa\u00e7\u00f5es entre o Cad\u00danico e as distribuidoras dificultam esse objetivo.<\/p>\n\n\n\n<p>O governo brasileiro est\u00e1 investindo em melhorias para otimizar o cruzamento de dados, como o cadastramento autom\u00e1tico de fam\u00edlias eleg\u00edveis e a padroniza\u00e7\u00e3o dos identificadores das unidades consumidoras. Tais medidas buscam corrigir as falhas atuais e ampliar o alcance do benef\u00edcio.<\/p>\n\n\n\n<p>Espera-se que, em 2026, essas melhorias sejam eficazes na inclus\u00e3o de novos benefici\u00e1rios no programa de Tarifa Social de Energia El\u00e9trica. A implementa\u00e7\u00e3o sistem\u00e1tica das melhorias prometidas poder\u00e1 transformar significativamente a vida das fam\u00edlias que dependem desse aux\u00edlio.<\/p>\n","protected":false},"excerpt":{"rendered":"<p>Milh\u00f5es de fam\u00edlias no Brasil est\u00e3o enfrentando dificuldades financeiras em 2026 devido a falhas.<\/p>\n","protected":false},"author":12,"featured_media":11256,"comment_status":"closed","ping_status":"closed","sticky":false,"template":"","format":"standard","meta":{"jnews-multi-image_gallery":[],"jnews_single_post":{"format":"standard"},"jnews_primary_category":[],"jnews_social_meta":[],"jnews_override_counter":[],"jnews_post_split":[],"footnotes":""},"categories":[1],"tags":[],"class_list":["post-43479","post","type-post","status-publish","format-standard","has-post-thumbnail","hentry","category-geral"],"_referencia":"","_links":{"self":[{"href":"https:\/\/diariodocomercio.com.br\/mix\/wp-json\/wp\/v2\/posts\/43479","targetHints":{"allow":["GET"]}}],"collection":[{"href":"https:\/\/diariodocomercio.com.br\/mix\/wp-json\/wp\/v2\/posts"}],"about":[{"href":"https:\/\/diariodocomercio.com.br\/mix\/wp-json\/wp\/v2\/types\/post"}],"author":[{"embeddable":true,"href":"https:\/\/diariodocomercio.com.br\/mix\/wp-json\/wp\/v2\/users\/12"}],"replies":[{"embeddable":true,"href":"https:\/\/diariodocomercio.com.br\/mix\/wp-json\/wp\/v2\/comments?post=43479"}],"version-history":[{"count":2,"href":"https:\/\/diariodocomercio.com.br\/mix\/wp-json\/wp\/v2\/posts\/43479\/revisions"}],"predecessor-version":[{"id":43481,"href":"https:\/\/diariodocomercio.com.br\/mix\/wp-json\/wp\/v2\/posts\/43479\/revisions\/43481"}],"wp:featuredmedia":[{"embeddable":true,"href":"https:\/\/diariodocomercio.com.br\/mix\/wp-json\/wp\/v2\/media\/11256"}],"wp:attachment":[{"href":"https:\/\/diariodocomercio.com.br\/mix\/wp-json\/wp\/v2\/media?parent=43479"}],"wp:term":[{"taxonomy":"category","embeddable":true,"href":"https:\/\/diariodocomercio.com.br\/mix\/wp-json\/wp\/v2\/categories?post=43479"},{"taxonomy":"post_tag","embeddable":true,"href":"https:\/\/diariodocomercio.com.br\/mix\/wp-json\/wp\/v2\/tags?post=43479"}],"curies":[{"name":"wp","href":"https:\/\/api.w.org\/{rel}","templated":true}]}}