{"id":43482,"date":"2026-04-28T19:29:00","date_gmt":"2026-04-28T22:29:00","guid":{"rendered":"https:\/\/diariodocomercio.com.br\/mix\/?p=43482"},"modified":"2026-04-28T18:56:05","modified_gmt":"2026-04-28T21:56:05","slug":"governo-confirma-beneficio-para-jovens-entre-15-e-29-anos-no-brasil","status":"publish","type":"post","link":"https:\/\/diariodocomercio.com.br\/mix\/governo-confirma-beneficio-para-jovens-entre-15-e-29-anos-no-brasil\/","title":{"rendered":"Governo confirma benef\u00edcio para jovens entre 15 e 29 anos no Brasil"},"content":{"rendered":"\n<p>Em 2026, a <strong>ID Jovem<\/strong> continua a oferecer significativos benef\u00edcios aos jovens brasileiros de baixa renda, <strong>entre 15 e 29 anos.<\/strong> Este documento digital e gratuito concede meia-entrada em eventos culturais e esportivos, al\u00e9m de descontos em transporte interestadual.<\/p>\n\n\n\n<p>Desde 2016, a iniciativa tem como objetivo promover a inclus\u00e3o social, garantindo acesso ampliado \u00e0 cultura e \u00e0 mobilidade.<\/p>\n\n\n\n<p>A ID Jovem \u00e9 especialmente destinada a jovens de baixa renda registrados no <strong>Cadastro \u00danico<\/strong> para Programas Sociais do Governo Federal (Cad\u00danico), e o cadastro deve ser atualizado a cada 24 meses para manter a validade do documento.<\/p>\n\n\n\n<p>Ela assegura dois assentos gratuitos e dois com 50% de desconto em transporte interestadual convencional, como \u00f4nibus e trens. Esses benef\u00edcios adv\u00eam da liga\u00e7\u00e3o com o Estatuto da Juventude, que assegura direitos fundamentais para essa faixa et\u00e1ria.<\/p>\n\n\n\n<h2 class=\"wp-block-heading\">Obten\u00e7\u00e3o da ID Jovem<\/h2>\n\n\n\n<p>Para obter a ID Jovem, os interessados devem acessar o site oficial ou o aplicativo do programa. Ao inserir seus dados pessoais, o jovem pode baixar ou imprimir o documento que garante seus direitos.<\/p>\n\n\n\n<p>O processo \u00e9 \u00e1gil e f\u00e1cil, permitindo que muitos jovens se beneficiem do programa em todo o Brasil.<\/p>\n\n\n\n<h2 class=\"wp-block-heading\">Inclus\u00e3o&nbsp;<\/h2>\n\n\n\n<p>A ID Jovem se destaca como uma ferramenta crucial para a inclus\u00e3o social, possibilitando acesso a experi\u00eancias. Os descontos em ingressos e transporte facilitam a participa\u00e7\u00e3o dos jovens em eventos culturais e esportivos. O impacto positivo j\u00e1 foi sentido por diversos benefici\u00e1rios desde o in\u00edcio do programa.<\/p>\n\n\n\n<p>A ID Jovem permanece relevante em 2026, refor\u00e7ando os direitos garantidos pelo Estatuto da Juventude. Ao proporcionar acesso equitativo a atividades culturais e transporte, o programa se afirma como um componente da pol\u00edtica de juventude no Brasil.&nbsp;<\/p>\n","protected":false},"excerpt":{"rendered":"<p>Iniciativa tem como objetivo promover a inclus\u00e3o social. Confira detalhes.<\/p>\n","protected":false},"author":12,"featured_media":15270,"comment_status":"closed","ping_status":"closed","sticky":false,"template":"","format":"standard","meta":{"jnews-multi-image_gallery":[],"jnews_single_post":{"format":"standard"},"jnews_primary_category":[],"jnews_social_meta":[],"jnews_override_counter":[],"jnews_post_split":[],"footnotes":""},"categories":[1],"tags":[],"class_list":["post-43482","post","type-post","status-publish","format-standard","has-post-thumbnail","hentry","category-geral"],"_referencia":"","_links":{"self":[{"href":"https:\/\/diariodocomercio.com.br\/mix\/wp-json\/wp\/v2\/posts\/43482","targetHints":{"allow":["GET"]}}],"collection":[{"href":"https:\/\/diariodocomercio.com.br\/mix\/wp-json\/wp\/v2\/posts"}],"about":[{"href":"https:\/\/diariodocomercio.com.br\/mix\/wp-json\/wp\/v2\/types\/post"}],"author":[{"embeddable":true,"href":"https:\/\/diariodocomercio.com.br\/mix\/wp-json\/wp\/v2\/users\/12"}],"replies":[{"embeddable":true,"href":"https:\/\/diariodocomercio.com.br\/mix\/wp-json\/wp\/v2\/comments?post=43482"}],"version-history":[{"count":2,"href":"https:\/\/diariodocomercio.com.br\/mix\/wp-json\/wp\/v2\/posts\/43482\/revisions"}],"predecessor-version":[{"id":43486,"href":"https:\/\/diariodocomercio.com.br\/mix\/wp-json\/wp\/v2\/posts\/43482\/revisions\/43486"}],"wp:featuredmedia":[{"embeddable":true,"href":"https:\/\/diariodocomercio.com.br\/mix\/wp-json\/wp\/v2\/media\/15270"}],"wp:attachment":[{"href":"https:\/\/diariodocomercio.com.br\/mix\/wp-json\/wp\/v2\/media?parent=43482"}],"wp:term":[{"taxonomy":"category","embeddable":true,"href":"https:\/\/diariodocomercio.com.br\/mix\/wp-json\/wp\/v2\/categories?post=43482"},{"taxonomy":"post_tag","embeddable":true,"href":"https:\/\/diariodocomercio.com.br\/mix\/wp-json\/wp\/v2\/tags?post=43482"}],"curies":[{"name":"wp","href":"https:\/\/api.w.org\/{rel}","templated":true}]}}