{"id":43493,"date":"2026-04-28T20:26:00","date_gmt":"2026-04-28T23:26:00","guid":{"rendered":"https:\/\/diariodocomercio.com.br\/mix\/?p=43493"},"modified":"2026-04-28T19:25:33","modified_gmt":"2026-04-28T22:25:33","slug":"brasileiros-podem-ficar-sem-beneficio-se-nao-fizerem-isso-antes-do-feriado","status":"publish","type":"post","link":"https:\/\/diariodocomercio.com.br\/mix\/brasileiros-podem-ficar-sem-beneficio-se-nao-fizerem-isso-antes-do-feriado\/","title":{"rendered":"Brasileiros podem ficar sem benef\u00edcio se n\u00e3o fizerem isso antes do feriado"},"content":{"rendered":"\n<p>O prazo para solicitar a <strong>isen\u00e7\u00e3o da taxa de inscri\u00e7\u00e3o do Enem<\/strong> 2026 encerra-se \u00e0s 23h59 desta quinta-feira (30). A gratuidade \u00e9 destinada a candidatos do ensino m\u00e9dio em escolas p\u00fablicas, aqueles que conclu\u00edram o ensino m\u00e9dio em escolas p\u00fablicas ou como bolsistas integrais em escolas privadas, com renda familiar por pessoa de at\u00e9 um sal\u00e1rio m\u00ednimo e meio.&nbsp;<\/p>\n\n\n\n<p>Participantes inscritos no <strong>Cadastro \u00danico <\/strong>para Programas Sociais (Cad\u00danico) tamb\u00e9m podem requisitar, desde que mantenham sua situa\u00e7\u00e3o econ\u00f4mica atualizada na plataforma.<\/p>\n\n\n\n<p>As solicita\u00e7\u00f5es devem ser feitas online na P\u00e1gina do Participante por meio do login no portal Gov.br. Esta medida visa facilitar o acesso ao ensino superior no Brasil. O Instituto Nacional de Estudos e Pesquisas Educacionais (Inep) destaca a import\u00e2ncia de seguir os prazos para garantir a isen\u00e7\u00e3o.<\/p>\n\n\n\n<h2 class=\"wp-block-heading\">Justificativas para aus\u00eancias em 2025<\/h2>\n\n\n\n<p>Os participantes que obtiveram isen\u00e7\u00e3o em 2025, mas n\u00e3o compareceram aos dois dias de prova, <strong>precisam justificar a aus\u00eancia <\/strong>para solicitar a isen\u00e7\u00e3o novamente.<\/p>\n\n\n\n<p>As instru\u00e7\u00f5es detalhadas para essa justificativa est\u00e3o no edital do Enem 2026. Sem a justificativa, o direito \u00e0 isen\u00e7\u00e3o \u00e9 automaticamente cancelado.<\/p>\n\n\n\n<p>O resultado das solicita\u00e7\u00f5es de isen\u00e7\u00e3o ser\u00e1 divulgado em <strong>13 de maio<\/strong>. Caso a isen\u00e7\u00e3o seja negada, \u00e9 poss\u00edvel apresentar recursos entre 13 e 19 de maio. A decis\u00e3o final dos recursos estar\u00e1 dispon\u00edvel em 25 de maio.<\/p>\n\n\n\n<h2 class=\"wp-block-heading\">Crit\u00e9rios para o Cad\u00danico<\/h2>\n\n\n\n<p>A <strong>n\u00e3o atualiza\u00e7\u00e3o dos dados<\/strong> no Cad\u00danico pode resultar na nega\u00e7\u00e3o da isen\u00e7\u00e3o. Este procedimento refor\u00e7a a necessidade de manter as informa\u00e7\u00f5es atualizadas, especialmente para participantes em situa\u00e7\u00e3o econ\u00f4mica vulner\u00e1vel.<\/p>\n\n\n\n<p>Os candidatos devem permanecer atentos para evitar complica\u00e7\u00f5es durante o processo.<\/p>\n\n\n\n<p>Todas as solicita\u00e7\u00f5es devem ser autenticadas na plataforma do Inep, garantindo que nenhuma informa\u00e7\u00e3o seja perdida ou comprometida at\u00e9 a data limite.<\/p>\n","protected":false},"excerpt":{"rendered":"<p>Prazo encerra-se \u00e0s 23h59 desta quinta-feira (30).<\/p>\n","protected":false},"author":12,"featured_media":33342,"comment_status":"closed","ping_status":"closed","sticky":false,"template":"","format":"standard","meta":{"jnews-multi-image_gallery":[],"jnews_single_post":{"format":"standard"},"jnews_primary_category":[],"jnews_social_meta":[],"jnews_override_counter":[],"jnews_post_split":[],"footnotes":""},"categories":[1],"tags":[],"class_list":["post-43493","post","type-post","status-publish","format-standard","has-post-thumbnail","hentry","category-geral"],"_referencia":"","_links":{"self":[{"href":"https:\/\/diariodocomercio.com.br\/mix\/wp-json\/wp\/v2\/posts\/43493","targetHints":{"allow":["GET"]}}],"collection":[{"href":"https:\/\/diariodocomercio.com.br\/mix\/wp-json\/wp\/v2\/posts"}],"about":[{"href":"https:\/\/diariodocomercio.com.br\/mix\/wp-json\/wp\/v2\/types\/post"}],"author":[{"embeddable":true,"href":"https:\/\/diariodocomercio.com.br\/mix\/wp-json\/wp\/v2\/users\/12"}],"replies":[{"embeddable":true,"href":"https:\/\/diariodocomercio.com.br\/mix\/wp-json\/wp\/v2\/comments?post=43493"}],"version-history":[{"count":2,"href":"https:\/\/diariodocomercio.com.br\/mix\/wp-json\/wp\/v2\/posts\/43493\/revisions"}],"predecessor-version":[{"id":43495,"href":"https:\/\/diariodocomercio.com.br\/mix\/wp-json\/wp\/v2\/posts\/43493\/revisions\/43495"}],"wp:featuredmedia":[{"embeddable":true,"href":"https:\/\/diariodocomercio.com.br\/mix\/wp-json\/wp\/v2\/media\/33342"}],"wp:attachment":[{"href":"https:\/\/diariodocomercio.com.br\/mix\/wp-json\/wp\/v2\/media?parent=43493"}],"wp:term":[{"taxonomy":"category","embeddable":true,"href":"https:\/\/diariodocomercio.com.br\/mix\/wp-json\/wp\/v2\/categories?post=43493"},{"taxonomy":"post_tag","embeddable":true,"href":"https:\/\/diariodocomercio.com.br\/mix\/wp-json\/wp\/v2\/tags?post=43493"}],"curies":[{"name":"wp","href":"https:\/\/api.w.org\/{rel}","templated":true}]}}