{"id":43498,"date":"2026-04-28T21:12:00","date_gmt":"2026-04-29T00:12:00","guid":{"rendered":"https:\/\/diariodocomercio.com.br\/mix\/?p=43498"},"modified":"2026-04-28T19:40:00","modified_gmt":"2026-04-28T22:40:00","slug":"enquanto-salario-minimo-no-brasil-e-r-1-621-na-franca-os-brasileiros-ganham-muito-mais","status":"publish","type":"post","link":"https:\/\/diariodocomercio.com.br\/mix\/enquanto-salario-minimo-no-brasil-e-r-1-621-na-franca-os-brasileiros-ganham-muito-mais\/","title":{"rendered":"Enquanto sal\u00e1rio m\u00ednimo no Brasil \u00e9 R$ 1.621, na Fran\u00e7a os brasileiros ganham muito mais"},"content":{"rendered":"\n<p>Com base nos dados oficiais dispon\u00edveis em abril de 2026, observa-se uma disparidade substancial entre o valor do <strong>sal\u00e1rio m\u00ednimo no Brasil <\/strong>e os pisos salariais vigentes em quatro na\u00e7\u00f5es europeias. O trabalhador brasileiro que recebe o piso nacional de 1.621 reais obt\u00e9m, em convers\u00e3o direta pela taxa de c\u00e2mbio, aproximadamente <strong>seis vezes menos<\/strong> do que um trabalhador franc\u00eas posicionado no mesmo degrau da escala salarial.<\/p>\n\n\n\n<p>O sal\u00e1rio m\u00ednimo brasileiro de 1.621 reais foi institu\u00eddo por decreto presidencial com vig\u00eancia a partir de 1\u00ba de janeiro de 2026. Este valor representa um reajuste de 6,79% sobre o piso de 1.518 reais praticado em 2025, conforme informado pelo Governo Federal.<\/p>\n\n\n\n<p>Quando descontada a infla\u00e7\u00e3o medida pelo \u00cdndice Nacional de Pre\u00e7os ao Consumidor (INPC), o aumento real corresponde a aproximadamente 2,5%.<\/p>\n\n\n\n<h2 class=\"wp-block-heading\">Realidade na Europa<\/h2>\n\n\n\n<p>Na Fran\u00e7a, o sal\u00e1rio m\u00ednimo interprofissional de crescimento, conhecido pela sigla SMIC, \u00e9 fixado em <strong>1.801,80 euros <\/strong>brutos mensais. Considerando a cota\u00e7\u00e3o de abril de 2026, na qual um euro equivale a cerca de 5,87 reais, o valor bruto franc\u00eas corresponde a aproximadamente 10.570 reais.<\/p>\n\n\n\n<p>Ap\u00f3s a dedu\u00e7\u00e3o das contribui\u00e7\u00f5es sociais obrigat\u00f3rias, o rendimento l\u00edquido mensal na Fran\u00e7a situa-se em torno de <strong>1.426 euros.<\/strong><\/p>\n\n\n\n<p>A Alemanha adota o modelo de remunera\u00e7\u00e3o m\u00ednima por hora, denominado Mindestlohn. Em janeiro de 2026, o valor hor\u00e1rio foi elevado de 12,82 euros para 13,90 euros, o que representa um acr\u00e9scimo de 8,4%. Para uma jornada padr\u00e3o de 40 horas semanais, o rendimento bruto mensal supera os 2.400 euros, equivalente a aproximadamente 12.680 reais.<\/p>\n\n\n\n<p>Na Su\u00ed\u00e7a, o sal\u00e1rio m\u00ednimo \u00e9 de 4.421 francos su\u00ed\u00e7os brutos mensais. Com a taxa de c\u00e2mbio de abril de 2026 fixada em 1 franco su\u00ed\u00e7o equivalente a 6,35 reais, o valor representa aproximadamente 28.070 reais.<\/p>\n\n\n\n<p>Fran\u00e7a, Alemanha, B\u00e9lgica e Su\u00ed\u00e7a figuram entre os maiores pisos salariais da Uni\u00e3o Europeia, ao lado de Luxemburgo, Irlanda e Pa\u00edses Baixos.&nbsp;<\/p>\n","protected":false},"excerpt":{"rendered":"<p>Observa-se uma disparidade entre o valor do sal\u00e1rio m\u00ednimo no Brasil e os pisos salariais de na\u00e7\u00f5es europeias.<\/p>\n","protected":false},"author":12,"featured_media":21090,"comment_status":"closed","ping_status":"closed","sticky":false,"template":"","format":"standard","meta":{"jnews-multi-image_gallery":[],"jnews_single_post":{"format":"standard"},"jnews_primary_category":[],"jnews_social_meta":[],"jnews_override_counter":[],"jnews_post_split":[],"footnotes":""},"categories":[1],"tags":[],"class_list":["post-43498","post","type-post","status-publish","format-standard","has-post-thumbnail","hentry","category-geral"],"_referencia":"","_links":{"self":[{"href":"https:\/\/diariodocomercio.com.br\/mix\/wp-json\/wp\/v2\/posts\/43498","targetHints":{"allow":["GET"]}}],"collection":[{"href":"https:\/\/diariodocomercio.com.br\/mix\/wp-json\/wp\/v2\/posts"}],"about":[{"href":"https:\/\/diariodocomercio.com.br\/mix\/wp-json\/wp\/v2\/types\/post"}],"author":[{"embeddable":true,"href":"https:\/\/diariodocomercio.com.br\/mix\/wp-json\/wp\/v2\/users\/12"}],"replies":[{"embeddable":true,"href":"https:\/\/diariodocomercio.com.br\/mix\/wp-json\/wp\/v2\/comments?post=43498"}],"version-history":[{"count":1,"href":"https:\/\/diariodocomercio.com.br\/mix\/wp-json\/wp\/v2\/posts\/43498\/revisions"}],"predecessor-version":[{"id":43499,"href":"https:\/\/diariodocomercio.com.br\/mix\/wp-json\/wp\/v2\/posts\/43498\/revisions\/43499"}],"wp:featuredmedia":[{"embeddable":true,"href":"https:\/\/diariodocomercio.com.br\/mix\/wp-json\/wp\/v2\/media\/21090"}],"wp:attachment":[{"href":"https:\/\/diariodocomercio.com.br\/mix\/wp-json\/wp\/v2\/media?parent=43498"}],"wp:term":[{"taxonomy":"category","embeddable":true,"href":"https:\/\/diariodocomercio.com.br\/mix\/wp-json\/wp\/v2\/categories?post=43498"},{"taxonomy":"post_tag","embeddable":true,"href":"https:\/\/diariodocomercio.com.br\/mix\/wp-json\/wp\/v2\/tags?post=43498"}],"curies":[{"name":"wp","href":"https:\/\/api.w.org\/{rel}","templated":true}]}}