{"id":43500,"date":"2026-05-03T09:59:00","date_gmt":"2026-05-03T12:59:00","guid":{"rendered":"https:\/\/diariodocomercio.com.br\/mix\/?p=43500"},"modified":"2026-04-28T19:47:26","modified_gmt":"2026-04-28T22:47:26","slug":"nem-geladeira-nem-air-fryer-nem-ar-condicionado-este-e-o-maior-vilao-da-conta-de-luz","status":"publish","type":"post","link":"https:\/\/diariodocomercio.com.br\/mix\/nem-geladeira-nem-air-fryer-nem-ar-condicionado-este-e-o-maior-vilao-da-conta-de-luz\/","title":{"rendered":"Nem geladeira, nem air fryer, nem ar-condicionado: este \u00e9 o maior vil\u00e3o da conta de luz"},"content":{"rendered":"\n<p>Em 2026, consumidores no Brasil est\u00e3o cada vez mais focados em efici\u00eancia energ\u00e9tica. O <strong>forno el\u00e9trico,<\/strong> largamente presente nas cozinhas modernas, tem o consumo energ\u00e9tico sob escrut\u00ednio devido ao impacto financeiro que pode gerar.<\/p>\n\n\n\n<p>Entender como um forno el\u00e9trico consome energia \u00e9 crucial para fazer decis\u00f5es informadas que podem influenciar significativamente a conta de eletricidade e o or\u00e7amento dom\u00e9stico.<\/p>\n\n\n\n<p>Fornos el\u00e9tricos aquecem alimentos transformando energia el\u00e9trica em calor, usados tanto para assar quanto para grelhar. Entre os fatores que afetam sua efici\u00eancia, est\u00e3o o modelo do forno, h\u00e1bitos de uso e tarifas de energia locais.&nbsp;<\/p>\n\n\n\n<p>Diante dessas vari\u00e1veis, analisar o custo-benef\u00edcio \u00e9 fundamental para escolher o eletrodom\u00e9stico que melhor se encaixa \u00e0s necessidades do usu\u00e1rio.<\/p>\n\n\n\n<h2 class=\"wp-block-heading\">Compara\u00e7\u00e3o de consumo<\/h2>\n\n\n\n<p>Ao comparar o consumo do forno el\u00e9trico com outros aparelhos, como a air fryer, surgem diferen\u00e7as significativas. A air fryer consome menos energia e funciona mais rapidamente, mas o forno el\u00e9trico proporciona maior versatilidade. Isso, por\u00e9m, pode resultar em um gasto energ\u00e9tico maior.<\/p>\n\n\n\n<p>Para estimar o consumo mensal de um forno el\u00e9trico, leve em conta o tempo de uso e a pot\u00eancia do aparelho. Ferramentas simples de multiplica\u00e7\u00e3o ajudam nessa tarefa, possibilitando compara\u00e7\u00f5es diretas entre diferentes eletrodom\u00e9sticos.<\/p>\n\n\n\n<h2 class=\"wp-block-heading\">Estrat\u00e9gias para reduzir o consumo de energia do forno el\u00e9trico<\/h2>\n\n\n\n<p>Adotar pr\u00e1ticas eficientes pode reduzir o consumo de energia do forno el\u00e9trico. \u00c9 recomendado pr\u00e9-aquecer somente quando necess\u00e1rio e aproveitar o calor residual ap\u00f3s o uso.<\/p>\n\n\n\n<p>Ajustar a temperatura conforme a receita e usar fun\u00e7\u00f5es espec\u00edficas, como o grill, tamb\u00e9m pode otimizar o uso.<\/p>\n\n\n\n<p>Al\u00e9m disso, considerar modelos mais modernos pode ser uma decis\u00e3o vantajosa, j\u00e1 que eles s\u00e3o geralmente mais eficientes. A avalia\u00e7\u00e3o do selo Procel (Eletrobras) pode ser feita antes de qualquer compra.<\/p>\n","protected":false},"excerpt":{"rendered":"<p>Em 2026, consumidores no Brasil est\u00e3o cada vez mais focados em efici\u00eancia energ\u00e9tica.<\/p>\n","protected":false},"author":12,"featured_media":11256,"comment_status":"closed","ping_status":"closed","sticky":false,"template":"","format":"standard","meta":{"jnews-multi-image_gallery":[],"jnews_single_post":{"format":"standard"},"jnews_primary_category":[],"jnews_social_meta":[],"jnews_override_counter":[],"jnews_post_split":[],"footnotes":""},"categories":[1],"tags":[],"class_list":["post-43500","post","type-post","status-publish","format-standard","has-post-thumbnail","hentry","category-geral"],"_referencia":"","_links":{"self":[{"href":"https:\/\/diariodocomercio.com.br\/mix\/wp-json\/wp\/v2\/posts\/43500","targetHints":{"allow":["GET"]}}],"collection":[{"href":"https:\/\/diariodocomercio.com.br\/mix\/wp-json\/wp\/v2\/posts"}],"about":[{"href":"https:\/\/diariodocomercio.com.br\/mix\/wp-json\/wp\/v2\/types\/post"}],"author":[{"embeddable":true,"href":"https:\/\/diariodocomercio.com.br\/mix\/wp-json\/wp\/v2\/users\/12"}],"replies":[{"embeddable":true,"href":"https:\/\/diariodocomercio.com.br\/mix\/wp-json\/wp\/v2\/comments?post=43500"}],"version-history":[{"count":2,"href":"https:\/\/diariodocomercio.com.br\/mix\/wp-json\/wp\/v2\/posts\/43500\/revisions"}],"predecessor-version":[{"id":43505,"href":"https:\/\/diariodocomercio.com.br\/mix\/wp-json\/wp\/v2\/posts\/43500\/revisions\/43505"}],"wp:featuredmedia":[{"embeddable":true,"href":"https:\/\/diariodocomercio.com.br\/mix\/wp-json\/wp\/v2\/media\/11256"}],"wp:attachment":[{"href":"https:\/\/diariodocomercio.com.br\/mix\/wp-json\/wp\/v2\/media?parent=43500"}],"wp:term":[{"taxonomy":"category","embeddable":true,"href":"https:\/\/diariodocomercio.com.br\/mix\/wp-json\/wp\/v2\/categories?post=43500"},{"taxonomy":"post_tag","embeddable":true,"href":"https:\/\/diariodocomercio.com.br\/mix\/wp-json\/wp\/v2\/tags?post=43500"}],"curies":[{"name":"wp","href":"https:\/\/api.w.org\/{rel}","templated":true}]}}