{"id":43506,"date":"2026-04-28T20:47:00","date_gmt":"2026-04-28T23:47:00","guid":{"rendered":"https:\/\/diariodocomercio.com.br\/mix\/?p=43506"},"modified":"2026-04-28T19:58:59","modified_gmt":"2026-04-28T22:58:59","slug":"show-de-shakira-no-rio-de-janeiro-vai-custar-r-15-milhoes-para-a-prefeitura-e-movimentara-muito-mais","status":"publish","type":"post","link":"https:\/\/diariodocomercio.com.br\/mix\/show-de-shakira-no-rio-de-janeiro-vai-custar-r-15-milhoes-para-a-prefeitura-e-movimentara-muito-mais\/","title":{"rendered":"Show de Shakira no Rio de Janeiro vai custar R$ 15 milh\u00f5es para a prefeitura e movimentar\u00e1 muito mais"},"content":{"rendered":"\n<p>O show de <strong>Shakira<\/strong>, previsto para ocorrer no s\u00e1bado, 2 de maio de 2026, na Praia de Copacabana, no <strong>Rio de Janeiro, <\/strong>deve movimentar <strong>R$ 776,2 milh\u00f5es <\/strong>na economia local. Essa cifra baseia-se em um estudo da Secretaria Municipal de Desenvolvimento Econ\u00f4mico e da Riotur, que analisou gastos em hospedagem, alimenta\u00e7\u00e3o, transporte, com\u00e9rcio e servi\u00e7os relacionados ao evento.<\/p>\n\n\n\n<p>A Prefeitura do Rio de Janeiro, que est\u00e1 investindo cerca de <strong>R$ 15 mih\u00f5es<\/strong> no show, estima um p\u00fablico de 2 milh\u00f5es de pessoas, incluindo cariocas, moradores da Regi\u00e3o Metropolitana e turistas nacionais e internacionais.<\/p>\n\n\n\n<p>A import\u00e2ncia do show tamb\u00e9m se reflete em sua capacidade de aumentar a exposi\u00e7\u00e3o internacional do Rio de Janeiro, com poss\u00edveis ganhos de visibilidade estimados em US$ 250 milh\u00f5es, conforme estudos divulgados.<\/p>\n\n\n\n<h2 class=\"wp-block-heading\">Copacabana como palco global<\/h2>\n\n\n\n<p>A Praia de Copacabana, conhecida por sua infraestrutura para eventos de grande escala, j\u00e1 foi o epicentro de shows que alavancaram a economia carioca. Apresenta\u00e7\u00f5es anteriores, como as de Madonna em 2024 e Lady Gaga em 2025, ilustraram o potencial da localidade em revitalizar economicamente o m\u00eas de maio.<\/p>\n\n\n\n<p>Al\u00e9m dos efeitos imediatos, o show de Shakira deve consolidar a imagem do Rio de Janeiro como um centro cultural e tur\u00edstico influente no cen\u00e1rio mundial.<\/p>\n\n\n\n<p>A cobertura midi\u00e1tica e o engajamento nas redes sociais refor\u00e7am esse posicionamento. Ao criar uma plataforma duradoura de promo\u00e7\u00e3o internacional, \u00e9 poss\u00edvel esperar que o impacto do evento se estenda ao longo dos meses seguintes.<\/p>\n\n\n\n<p>Com base nas proje\u00e7\u00f5es fornecidas, o evento destacar\u00e1 ainda mais o papel central de Copacabana no turismo mundial. As pr\u00f3ximas semanas trar\u00e3o avalia\u00e7\u00f5es precisas do impacto econ\u00f4mico real.<\/p>\n","protected":false},"excerpt":{"rendered":"<p>A Prefeitura do Rio de Janeiro estima um p\u00fablico de 2 milh\u00f5es de pessoas.<\/p>\n","protected":false},"author":12,"featured_media":43507,"comment_status":"closed","ping_status":"closed","sticky":false,"template":"","format":"standard","meta":{"jnews-multi-image_gallery":[],"jnews_single_post":{"format":"standard"},"jnews_primary_category":[],"jnews_social_meta":[],"jnews_override_counter":[],"jnews_post_split":[],"footnotes":""},"categories":[1],"tags":[],"class_list":["post-43506","post","type-post","status-publish","format-standard","has-post-thumbnail","hentry","category-geral"],"_referencia":"","_links":{"self":[{"href":"https:\/\/diariodocomercio.com.br\/mix\/wp-json\/wp\/v2\/posts\/43506","targetHints":{"allow":["GET"]}}],"collection":[{"href":"https:\/\/diariodocomercio.com.br\/mix\/wp-json\/wp\/v2\/posts"}],"about":[{"href":"https:\/\/diariodocomercio.com.br\/mix\/wp-json\/wp\/v2\/types\/post"}],"author":[{"embeddable":true,"href":"https:\/\/diariodocomercio.com.br\/mix\/wp-json\/wp\/v2\/users\/12"}],"replies":[{"embeddable":true,"href":"https:\/\/diariodocomercio.com.br\/mix\/wp-json\/wp\/v2\/comments?post=43506"}],"version-history":[{"count":2,"href":"https:\/\/diariodocomercio.com.br\/mix\/wp-json\/wp\/v2\/posts\/43506\/revisions"}],"predecessor-version":[{"id":43509,"href":"https:\/\/diariodocomercio.com.br\/mix\/wp-json\/wp\/v2\/posts\/43506\/revisions\/43509"}],"wp:featuredmedia":[{"embeddable":true,"href":"https:\/\/diariodocomercio.com.br\/mix\/wp-json\/wp\/v2\/media\/43507"}],"wp:attachment":[{"href":"https:\/\/diariodocomercio.com.br\/mix\/wp-json\/wp\/v2\/media?parent=43506"}],"wp:term":[{"taxonomy":"category","embeddable":true,"href":"https:\/\/diariodocomercio.com.br\/mix\/wp-json\/wp\/v2\/categories?post=43506"},{"taxonomy":"post_tag","embeddable":true,"href":"https:\/\/diariodocomercio.com.br\/mix\/wp-json\/wp\/v2\/tags?post=43506"}],"curies":[{"name":"wp","href":"https:\/\/api.w.org\/{rel}","templated":true}]}}