{"id":43511,"date":"2026-04-28T21:33:00","date_gmt":"2026-04-29T00:33:00","guid":{"rendered":"https:\/\/diariodocomercio.com.br\/mix\/?p=43511"},"modified":"2026-04-28T20:08:33","modified_gmt":"2026-04-28T23:08:33","slug":"nova-regra-do-inss-pode-impactar-quem-pretende-se-aposentar","status":"publish","type":"post","link":"https:\/\/diariodocomercio.com.br\/mix\/nova-regra-do-inss-pode-impactar-quem-pretende-se-aposentar\/","title":{"rendered":"Nova regra do INSS pode impactar quem pretende se aposentar"},"content":{"rendered":"\n<p>O Instituto Nacional do Seguro Social (INSS) anunciou <strong>novas diretrizes <\/strong>em janeiro de 2026, ajustando os crit\u00e9rios para pedidos de benef\u00edcios previdenci\u00e1rios. As mudan\u00e7as conhecidas refor\u00e7am medidas para acelerar o processo de concess\u00e3o e an\u00e1lise dos pedidos.<\/p>\n\n\n\n<p>Atualiza\u00e7\u00f5es foram apresentadas com a miss\u00e3o de otimizar o fluxo de solicita\u00e7\u00f5es e reduzir a carga administrativa.<\/p>\n\n\n\n<p>As altera\u00e7\u00f5es foram tornadas p\u00fablicas em um comunicado oficial, detalhando que a insatisfa\u00e7\u00e3o com as longas filas de espera levou o instituto a buscar solu\u00e7\u00f5es eficientes.<\/p>\n\n\n\n<p>At\u00e9 mar\u00e7o de 2026, 1,6 milh\u00e3o de processos foram conclu\u00eddos, diminuindo a fila de espera de 3,1 milh\u00f5es para 2,7 milh\u00f5es de pedidos. Esse progresso reflete as a\u00e7\u00f5es estrat\u00e9gicas para lidar com o volume acumulado de solicita\u00e7\u00f5es.<\/p>\n\n\n\n<h2 class=\"wp-block-heading\">Novo marco na lideran\u00e7a do INSS<\/h2>\n\n\n\n<p>A gest\u00e3o do INSS passou por mudan\u00e7as significativas em abril de 2026, com a nomea\u00e7\u00e3o de Ana Cristina Viana Silveira como presidente, substituindo Gilberto Waller.<\/p>\n\n\n\n<p>Tendo trabalhado no sistema previdenci\u00e1rio por mais de duas d\u00e9cadas, Ana Cristina traz uma vis\u00e3o de experi\u00eancia e inova\u00e7\u00e3o para o instituto. Seu objetivo \u00e9 implementar pol\u00edticas que aumentem a efici\u00eancia operacional.<\/p>\n\n\n\n<p>A troca de lideran\u00e7a refor\u00e7a o compromisso do governo federal em modernizar os procedimentos e acelerar a an\u00e1lise dos pedidos.&nbsp;<\/p>\n\n\n\n<h2 class=\"wp-block-heading\">Revis\u00e3o&nbsp;<\/h2>\n\n\n\n<p>A nova pol\u00edtica do INSS permite que pedidos de revis\u00e3o dos benef\u00edcios continuem sem restri\u00e7\u00f5es, enquanto se procura evitar retrabalhos e atrasos associados a solicita\u00e7\u00f5es duplicadas.<\/p>\n\n\n\n<p>A normativa sugere que os segurados aguardem o t\u00e9rmino do prazo de recurso \u2014 geralmente de 30 dias \u2014 antes de reapresentar qualquer pedido, garantindo que os recursos sejam alocados eficientemente para aqueles que aguardam suas an\u00e1lises iniciais.<\/p>\n","protected":false},"excerpt":{"rendered":"<p>Atualiza\u00e7\u00f5es foram apresentadas. Confira detalhes.<\/p>\n","protected":false},"author":12,"featured_media":11031,"comment_status":"closed","ping_status":"closed","sticky":false,"template":"","format":"standard","meta":{"jnews-multi-image_gallery":[],"jnews_single_post":{"format":"standard"},"jnews_primary_category":[],"jnews_social_meta":[],"jnews_override_counter":[],"jnews_post_split":[],"footnotes":""},"categories":[1],"tags":[],"class_list":["post-43511","post","type-post","status-publish","format-standard","has-post-thumbnail","hentry","category-geral"],"_referencia":"","_links":{"self":[{"href":"https:\/\/diariodocomercio.com.br\/mix\/wp-json\/wp\/v2\/posts\/43511","targetHints":{"allow":["GET"]}}],"collection":[{"href":"https:\/\/diariodocomercio.com.br\/mix\/wp-json\/wp\/v2\/posts"}],"about":[{"href":"https:\/\/diariodocomercio.com.br\/mix\/wp-json\/wp\/v2\/types\/post"}],"author":[{"embeddable":true,"href":"https:\/\/diariodocomercio.com.br\/mix\/wp-json\/wp\/v2\/users\/12"}],"replies":[{"embeddable":true,"href":"https:\/\/diariodocomercio.com.br\/mix\/wp-json\/wp\/v2\/comments?post=43511"}],"version-history":[{"count":2,"href":"https:\/\/diariodocomercio.com.br\/mix\/wp-json\/wp\/v2\/posts\/43511\/revisions"}],"predecessor-version":[{"id":43514,"href":"https:\/\/diariodocomercio.com.br\/mix\/wp-json\/wp\/v2\/posts\/43511\/revisions\/43514"}],"wp:featuredmedia":[{"embeddable":true,"href":"https:\/\/diariodocomercio.com.br\/mix\/wp-json\/wp\/v2\/media\/11031"}],"wp:attachment":[{"href":"https:\/\/diariodocomercio.com.br\/mix\/wp-json\/wp\/v2\/media?parent=43511"}],"wp:term":[{"taxonomy":"category","embeddable":true,"href":"https:\/\/diariodocomercio.com.br\/mix\/wp-json\/wp\/v2\/categories?post=43511"},{"taxonomy":"post_tag","embeddable":true,"href":"https:\/\/diariodocomercio.com.br\/mix\/wp-json\/wp\/v2\/tags?post=43511"}],"curies":[{"name":"wp","href":"https:\/\/api.w.org\/{rel}","templated":true}]}}