{"id":43530,"date":"2026-04-29T09:07:17","date_gmt":"2026-04-29T12:07:17","guid":{"rendered":"https:\/\/diariodocomercio.com.br\/mix\/?p=43530"},"modified":"2026-04-29T09:07:20","modified_gmt":"2026-04-29T12:07:20","slug":"decreto-assinado-por-lula-garante-novo-auxilio-para-gas-de-cozinha-no-brasil","status":"publish","type":"post","link":"https:\/\/diariodocomercio.com.br\/mix\/decreto-assinado-por-lula-garante-novo-auxilio-para-gas-de-cozinha-no-brasil\/","title":{"rendered":"Decreto assinado por Lula garante novo aux\u00edlio para g\u00e1s de cozinha no Brasil"},"content":{"rendered":"\n<p>O governo federal oficializou um novo aux\u00edlio voltado ao g\u00e1s de cozinha no Brasil, por meio de medida provis\u00f3ria assinada pelo presidente Luiz In\u00e1cio Lula da Silva. A iniciativa libera R$ 330 milh\u00f5es para subsidiar a importa\u00e7\u00e3o de G\u00e1s Liquefeito de Petr\u00f3leo (GLP), com o objetivo de evitar aumentos mais expressivos no pre\u00e7o do botij\u00e3o para o consumidor final.<\/p>\n\n\n\n<p>Diferentemente de programas sociais tradicionais, o aux\u00edlio n\u00e3o ser\u00e1 pago diretamente \u00e0s fam\u00edlias. Na pr\u00e1tica, trata-se de uma compensa\u00e7\u00e3o financeira \u00e0s empresas importadoras, permitindo que o produto chegue ao mercado brasileiro com valores pr\u00f3ximos aos praticados internamente.<\/p>\n\n\n\n<p>A medida foi publicada no Di\u00e1rio Oficial da Uni\u00e3o nesta ter\u00e7a-feira (28) e integra um pacote emergencial elaborado pelo governo para enfrentar os efeitos da alta do petr\u00f3leo no cen\u00e1rio global, impulsionada por conflitos no Oriente M\u00e9dio.<\/p>\n\n\n\n<p>Com o aumento dos pre\u00e7os internacionais, o custo do g\u00e1s importado passou a pressionar o valor final ao consumidor. Para reduzir esse impacto, o governo definiu um subs\u00eddio de aproximadamente R$ 850 por tonelada de GLP importado.<\/p>\n\n\n\n<p>Segundo o Pal\u00e1cio do Planalto, a estrat\u00e9gia \u00e9 garantir que o g\u00e1s vindo do exterior seja comercializado pelo mesmo pre\u00e7o do produto nacional, evitando repasses elevados, principalmente para fam\u00edlias de baixa renda.<\/p>\n\n\n\n<h2 class=\"wp-block-heading\"><strong>Cr\u00e9dito extraordin\u00e1rio j\u00e1 est\u00e1 em vigor<\/strong><\/h2>\n\n\n\n<p>Os recursos foram liberados como cr\u00e9dito extraordin\u00e1rio para o Minist\u00e9rio de Minas e Energia, respons\u00e1vel pela execu\u00e7\u00e3o da pol\u00edtica. A subven\u00e7\u00e3o vale inicialmente para o per\u00edodo entre 1\u00ba de abril e 31 de maio, podendo ser prorrogada por mais dois meses, dependendo da evolu\u00e7\u00e3o dos pre\u00e7os no mercado internacional.<\/p>\n\n\n\n<p>Dados recentes indicam que o pre\u00e7o m\u00e9dio do botij\u00e3o de 13 kg j\u00e1 apresenta leve alta no pa\u00eds, reflexo direto das oscila\u00e7\u00f5es externas. O Brasil importa cerca de 20% do GLP consumido, o que amplia a sensibilidade do mercado interno a crises internacionais.<\/p>\n\n\n\n<h2 class=\"wp-block-heading\"><strong>Medida mira prote\u00e7\u00e3o do or\u00e7amento das fam\u00edlias<\/strong><\/h2>\n\n\n\n<p>O governo afirma que o principal objetivo \u00e9 evitar que o aumento do g\u00e1s comprometa ainda mais o or\u00e7amento dom\u00e9stico, especialmente entre os mais vulner\u00e1veis. O botij\u00e3o de cozinha \u00e9 considerado item essencial e tem impacto direto na seguran\u00e7a alimentar da popula\u00e7\u00e3o.<\/p>\n\n\n\n<p>A a\u00e7\u00e3o se soma a outras iniciativas recentes, como subs\u00eddios ao diesel e incentivos \u00e0 produ\u00e7\u00e3o nacional de combust\u00edveis, dentro de uma estrat\u00e9gia mais ampla para conter a infla\u00e7\u00e3o energ\u00e9tica no pa\u00eds.<\/p>\n","protected":false},"excerpt":{"rendered":"<p>O governo federal oficializou um novo aux\u00edlio voltado ao g\u00e1s de cozinha no Brasil, por meio de medida provis\u00f3ria assinada pelo presidente Luiz In\u00e1cio Lula da Silva. A iniciativa libera R$ 330 milh\u00f5es para subsidiar a importa\u00e7\u00e3o de G\u00e1s Liquefeito de Petr\u00f3leo (GLP), com o objetivo de evitar aumentos mais expressivos no pre\u00e7o do botij\u00e3o [&hellip;]<\/p>\n","protected":false},"author":9,"featured_media":40522,"comment_status":"closed","ping_status":"closed","sticky":false,"template":"","format":"standard","meta":{"jnews-multi-image_gallery":[],"jnews_single_post":{"format":"standard"},"jnews_primary_category":[],"jnews_social_meta":[],"jnews_override_counter":[],"jnews_post_split":[],"footnotes":""},"categories":[1],"tags":[],"class_list":["post-43530","post","type-post","status-publish","format-standard","has-post-thumbnail","hentry","category-geral"],"_referencia":"","_links":{"self":[{"href":"https:\/\/diariodocomercio.com.br\/mix\/wp-json\/wp\/v2\/posts\/43530","targetHints":{"allow":["GET"]}}],"collection":[{"href":"https:\/\/diariodocomercio.com.br\/mix\/wp-json\/wp\/v2\/posts"}],"about":[{"href":"https:\/\/diariodocomercio.com.br\/mix\/wp-json\/wp\/v2\/types\/post"}],"author":[{"embeddable":true,"href":"https:\/\/diariodocomercio.com.br\/mix\/wp-json\/wp\/v2\/users\/9"}],"replies":[{"embeddable":true,"href":"https:\/\/diariodocomercio.com.br\/mix\/wp-json\/wp\/v2\/comments?post=43530"}],"version-history":[{"count":1,"href":"https:\/\/diariodocomercio.com.br\/mix\/wp-json\/wp\/v2\/posts\/43530\/revisions"}],"predecessor-version":[{"id":43531,"href":"https:\/\/diariodocomercio.com.br\/mix\/wp-json\/wp\/v2\/posts\/43530\/revisions\/43531"}],"wp:featuredmedia":[{"embeddable":true,"href":"https:\/\/diariodocomercio.com.br\/mix\/wp-json\/wp\/v2\/media\/40522"}],"wp:attachment":[{"href":"https:\/\/diariodocomercio.com.br\/mix\/wp-json\/wp\/v2\/media?parent=43530"}],"wp:term":[{"taxonomy":"category","embeddable":true,"href":"https:\/\/diariodocomercio.com.br\/mix\/wp-json\/wp\/v2\/categories?post=43530"},{"taxonomy":"post_tag","embeddable":true,"href":"https:\/\/diariodocomercio.com.br\/mix\/wp-json\/wp\/v2\/tags?post=43530"}],"curies":[{"name":"wp","href":"https:\/\/api.w.org\/{rel}","templated":true}]}}