{"id":43532,"date":"2026-04-29T09:27:00","date_gmt":"2026-04-29T12:27:00","guid":{"rendered":"https:\/\/diariodocomercio.com.br\/mix\/?p=43532"},"modified":"2026-04-29T09:18:26","modified_gmt":"2026-04-29T12:18:26","slug":"enquanto-todos-esperam-o-fim-da-escala-6x1-no-brasil-portugal-adota-regime-de-trabalho-4x3-no-pais","status":"publish","type":"post","link":"https:\/\/diariodocomercio.com.br\/mix\/enquanto-todos-esperam-o-fim-da-escala-6x1-no-brasil-portugal-adota-regime-de-trabalho-4x3-no-pais\/","title":{"rendered":"Enquanto todos esperam o fim da escala 6&#215;1 no Brasil, Portugal adota regime de trabalho 4&#215;3 no pa\u00eds"},"content":{"rendered":"\n<p>Enquanto o Brasil discute o poss\u00edvel fim da escala 6&#215;1, com propostas em tramita\u00e7\u00e3o no Congresso Nacional, experi\u00eancias internacionais j\u00e1 avan\u00e7am para modelos mais flex\u00edveis. Em Portugal, empresas t\u00eam adotado voluntariamente o regime de quatro dias de trabalho por tr\u00eas de descanso (4&#215;3), com resultados considerados positivos por especialistas.<\/p>\n\n\n\n<p>O modelo foi analisado pelo economista Pedro Gomes, professor da Universidade de Londres, que reuniu dados de 41 empresas portuguesas que reduziram a jornada semanal. Segundo ele, a mudan\u00e7a tem potencial para aumentar a produtividade e melhorar a qualidade de vida dos trabalhadores, sem preju\u00edzo \u00e0 economia.<\/p>\n\n\n\n<p>De acordo com o especialista, a redu\u00e7\u00e3o da jornada pode diminuir faltas, reduzir a rotatividade e estimular setores como lazer e entretenimento. Gomes tamb\u00e9m argumenta que o aumento da efici\u00eancia no tempo de trabalho pode compensar eventuais custos adicionais para as empresas.<\/p>\n\n\n\n<h2 class=\"wp-block-heading\"><strong>Experimentos globais refor\u00e7am tend\u00eancia<\/strong><\/h2>\n\n\n\n<p>A discuss\u00e3o sobre jornadas mais curtas n\u00e3o se limita a Portugal. A entidade 4 Day Week Global coordena testes em diversos pa\u00edses com o objetivo de reduzir em cerca de 20% o tempo de trabalho, mantendo sal\u00e1rios e n\u00edveis de produtividade.<\/p>\n\n\n\n<p>No Brasil, um projeto-piloto da organiza\u00e7\u00e3o envolveu 22 empresas e apresentou resultados semelhantes aos observados em outros pa\u00edses, como aumento da produtividade e melhora no bem-estar dos funcion\u00e1rios.<\/p>\n\n\n\n<p>Experi\u00eancias tamb\u00e9m foram registradas em pa\u00edses como Reino Unido, Estados Unidos, Alemanha e Jap\u00e3o, geralmente por meio de acordos entre empresas e trabalhadores, sem imposi\u00e7\u00e3o direta de legisla\u00e7\u00e3o.<\/p>\n\n\n\n<h2 class=\"wp-block-heading\"><strong>Debate avan\u00e7a no Brasil<\/strong><\/h2>\n\n\n\n<p>No Brasil, a discuss\u00e3o sobre a redu\u00e7\u00e3o da jornada ganhou for\u00e7a com propostas em an\u00e1lise na C\u00e2mara dos Deputados. A deputada Erika Hilton apresentou uma proposta de emenda \u00e0 Constitui\u00e7\u00e3o que prev\u00ea a ado\u00e7\u00e3o da escala 4&#215;3, com limite de 36 horas semanais.<\/p>\n\n\n\n<p>Paralelamente, outras iniciativas sugerem a redu\u00e7\u00e3o gradual da carga hor\u00e1ria atual de 44 horas semanais para 40 horas, mantendo a possibilidade de diferentes formatos de jornada.<\/p>\n\n\n\n<p>O tema tem apoio de diferentes setores pol\u00edticos, mas ainda enfrenta diverg\u00eancias quanto \u00e0 forma de implementa\u00e7\u00e3o. Parte dos parlamentares defende uma transi\u00e7\u00e3o mais lenta, enquanto outros pressionam por uma aprova\u00e7\u00e3o mais r\u00e1pida.<\/p>\n\n\n\n<p>O presidente da C\u00e2mara, Hugo Motta, j\u00e1 indicou que o assunto ser\u00e1 debatido em comiss\u00e3o especial, com expectativa de vota\u00e7\u00e3o nos pr\u00f3ximos meses.<\/p>\n\n\n\n<p>Especialistas apontam que a ado\u00e7\u00e3o de jornadas reduzidas depende de fatores como produtividade, setor econ\u00f4mico e negocia\u00e7\u00e3o coletiva. No Brasil, a reforma trabalhista de 2017 j\u00e1 flexibilizou modelos de trabalho, permitindo formatos como 5&#215;2 e 12&#215;36.<\/p>\n","protected":false},"excerpt":{"rendered":"<p>Enquanto o Brasil discute o poss\u00edvel fim da escala 6&#215;1, com propostas em tramita\u00e7\u00e3o no Congresso Nacional, experi\u00eancias internacionais j\u00e1 avan\u00e7am para modelos mais flex\u00edveis. Em Portugal, empresas t\u00eam adotado voluntariamente o regime de quatro dias de trabalho por tr\u00eas de descanso (4&#215;3), com resultados considerados positivos por especialistas. O modelo foi analisado pelo economista [&hellip;]<\/p>\n","protected":false},"author":9,"featured_media":43533,"comment_status":"closed","ping_status":"closed","sticky":false,"template":"","format":"standard","meta":{"jnews-multi-image_gallery":[],"jnews_single_post":{"format":"standard"},"jnews_primary_category":[],"jnews_social_meta":[],"jnews_override_counter":[],"jnews_post_split":[],"footnotes":""},"categories":[1],"tags":[],"class_list":["post-43532","post","type-post","status-publish","format-standard","has-post-thumbnail","hentry","category-geral"],"_referencia":"","_links":{"self":[{"href":"https:\/\/diariodocomercio.com.br\/mix\/wp-json\/wp\/v2\/posts\/43532","targetHints":{"allow":["GET"]}}],"collection":[{"href":"https:\/\/diariodocomercio.com.br\/mix\/wp-json\/wp\/v2\/posts"}],"about":[{"href":"https:\/\/diariodocomercio.com.br\/mix\/wp-json\/wp\/v2\/types\/post"}],"author":[{"embeddable":true,"href":"https:\/\/diariodocomercio.com.br\/mix\/wp-json\/wp\/v2\/users\/9"}],"replies":[{"embeddable":true,"href":"https:\/\/diariodocomercio.com.br\/mix\/wp-json\/wp\/v2\/comments?post=43532"}],"version-history":[{"count":1,"href":"https:\/\/diariodocomercio.com.br\/mix\/wp-json\/wp\/v2\/posts\/43532\/revisions"}],"predecessor-version":[{"id":43536,"href":"https:\/\/diariodocomercio.com.br\/mix\/wp-json\/wp\/v2\/posts\/43532\/revisions\/43536"}],"wp:featuredmedia":[{"embeddable":true,"href":"https:\/\/diariodocomercio.com.br\/mix\/wp-json\/wp\/v2\/media\/43533"}],"wp:attachment":[{"href":"https:\/\/diariodocomercio.com.br\/mix\/wp-json\/wp\/v2\/media?parent=43532"}],"wp:term":[{"taxonomy":"category","embeddable":true,"href":"https:\/\/diariodocomercio.com.br\/mix\/wp-json\/wp\/v2\/categories?post=43532"},{"taxonomy":"post_tag","embeddable":true,"href":"https:\/\/diariodocomercio.com.br\/mix\/wp-json\/wp\/v2\/tags?post=43532"}],"curies":[{"name":"wp","href":"https:\/\/api.w.org\/{rel}","templated":true}]}}