{"id":43537,"date":"2026-04-29T09:48:00","date_gmt":"2026-04-29T12:48:00","guid":{"rendered":"https:\/\/diariodocomercio.com.br\/mix\/?p=43537"},"modified":"2026-04-29T09:29:37","modified_gmt":"2026-04-29T12:29:37","slug":"coca-cola-anuncia-fim-de-operacao-no-brasil-e-antecipa-reducao-em-todo-mundo","status":"publish","type":"post","link":"https:\/\/diariodocomercio.com.br\/mix\/coca-cola-anuncia-fim-de-operacao-no-brasil-e-antecipa-reducao-em-todo-mundo\/","title":{"rendered":"Coca-Cola anuncia fim de opera\u00e7\u00e3o no Brasil e antecipa redu\u00e7\u00e3o em todo mundo"},"content":{"rendered":"\n<p>A Coca-Cola iniciou uma mudan\u00e7a significativa em sua estrat\u00e9gia global que impacta diretamente o Brasil: o fim gradual das embalagens tradicionais como conhecidas atualmente, com a ado\u00e7\u00e3o de vers\u00f5es menores em diversos mercados.<\/p>\n\n\n\n<p>A decis\u00e3o n\u00e3o representa o encerramento das atividades da empresa no pa\u00eds, mas sim uma reformula\u00e7\u00e3o do portf\u00f3lio de produtos. A medida acompanha uma tend\u00eancia global diante da infla\u00e7\u00e3o persistente e da redu\u00e7\u00e3o do poder de compra dos consumidores.<\/p>\n\n\n\n<p>Segundo a companhia, o objetivo \u00e9 adaptar o tamanho das embalagens ao novo comportamento de consumo, permitindo que o cliente continue comprando com maior frequ\u00eancia, mesmo com pre\u00e7os mais pressionados.<\/p>\n\n\n\n<p>A mudan\u00e7a \u00e9 liderada pelo CEO Henrique Braun, que assumiu o comando global da empresa recentemente. Em entrevista ao <em>The Wall Street Journal<\/em>, o executivo destacou que a estrat\u00e9gia busca equilibrar volume e acessibilidade.<\/p>\n\n\n\n<p>Na pr\u00e1tica, a empresa passa a vender por\u00e7\u00f5es menores, mantendo o pre\u00e7o final mais baixo por unidade, mesmo que o custo por litro seja proporcionalmente maior. A l\u00f3gica \u00e9 atender um consumidor mais sens\u00edvel ao pre\u00e7o, sem comprometer a demanda.<\/p>\n\n\n\n<p>A iniciativa j\u00e1 vem sendo aplicada em mercados como os Estados Unidos e deve se expandir para outros pa\u00edses, incluindo o Brasil.<\/p>\n\n\n\n<h2 class=\"wp-block-heading\"><strong>Resultados financeiros sustentam mudan\u00e7a<\/strong><\/h2>\n\n\n\n<p>Apesar do cen\u00e1rio desafiador, a empresa apresentou resultados positivos. A Coca-Cola registrou receita de US$ 12,47 bilh\u00f5es no primeiro trimestre, superando expectativas do mercado, e elevou sua proje\u00e7\u00e3o de crescimento anual.<\/p>\n\n\n\n<p>A companhia espera que o lucro por a\u00e7\u00e3o cres\u00e7a entre 8% e 9% em 2026, refor\u00e7ando a aposta em produtos de maior valor agregado e em ajustes estrat\u00e9gicos no portf\u00f3lio.<\/p>\n\n\n\n<p>A ado\u00e7\u00e3o de embalagens menores acompanha uma tend\u00eancia mundial entre grandes empresas, que buscam alternativas para lidar com infla\u00e7\u00e3o elevada e mudan\u00e7as no comportamento do consumidor.<\/p>\n\n\n\n<p>Nos \u00faltimos anos, a ind\u00fastria tamb\u00e9m tem enfrentado press\u00f5es relacionadas \u00e0 sustentabilidade e ao uso de pl\u00e1stico, o que tem levado companhias a revisar metas e estrat\u00e9gias de produ\u00e7\u00e3o e distribui\u00e7\u00e3o.<\/p>\n","protected":false},"excerpt":{"rendered":"<p>A Coca-Cola iniciou uma mudan\u00e7a significativa em sua estrat\u00e9gia global que impacta diretamente o Brasil: o fim gradual das embalagens tradicionais como conhecidas atualmente, com a ado\u00e7\u00e3o de vers\u00f5es menores em diversos mercados. A decis\u00e3o n\u00e3o representa o encerramento das atividades da empresa no pa\u00eds, mas sim uma reformula\u00e7\u00e3o do portf\u00f3lio de produtos. A medida [&hellip;]<\/p>\n","protected":false},"author":9,"featured_media":43538,"comment_status":"closed","ping_status":"closed","sticky":false,"template":"","format":"standard","meta":{"jnews-multi-image_gallery":[],"jnews_single_post":{"format":"standard"},"jnews_primary_category":[],"jnews_social_meta":[],"jnews_override_counter":[],"jnews_post_split":[],"footnotes":""},"categories":[1],"tags":[],"class_list":["post-43537","post","type-post","status-publish","format-standard","has-post-thumbnail","hentry","category-geral"],"_referencia":"","_links":{"self":[{"href":"https:\/\/diariodocomercio.com.br\/mix\/wp-json\/wp\/v2\/posts\/43537","targetHints":{"allow":["GET"]}}],"collection":[{"href":"https:\/\/diariodocomercio.com.br\/mix\/wp-json\/wp\/v2\/posts"}],"about":[{"href":"https:\/\/diariodocomercio.com.br\/mix\/wp-json\/wp\/v2\/types\/post"}],"author":[{"embeddable":true,"href":"https:\/\/diariodocomercio.com.br\/mix\/wp-json\/wp\/v2\/users\/9"}],"replies":[{"embeddable":true,"href":"https:\/\/diariodocomercio.com.br\/mix\/wp-json\/wp\/v2\/comments?post=43537"}],"version-history":[{"count":1,"href":"https:\/\/diariodocomercio.com.br\/mix\/wp-json\/wp\/v2\/posts\/43537\/revisions"}],"predecessor-version":[{"id":43539,"href":"https:\/\/diariodocomercio.com.br\/mix\/wp-json\/wp\/v2\/posts\/43537\/revisions\/43539"}],"wp:featuredmedia":[{"embeddable":true,"href":"https:\/\/diariodocomercio.com.br\/mix\/wp-json\/wp\/v2\/media\/43538"}],"wp:attachment":[{"href":"https:\/\/diariodocomercio.com.br\/mix\/wp-json\/wp\/v2\/media?parent=43537"}],"wp:term":[{"taxonomy":"category","embeddable":true,"href":"https:\/\/diariodocomercio.com.br\/mix\/wp-json\/wp\/v2\/categories?post=43537"},{"taxonomy":"post_tag","embeddable":true,"href":"https:\/\/diariodocomercio.com.br\/mix\/wp-json\/wp\/v2\/tags?post=43537"}],"curies":[{"name":"wp","href":"https:\/\/api.w.org\/{rel}","templated":true}]}}