{"id":43540,"date":"2026-04-29T10:29:00","date_gmt":"2026-04-29T13:29:00","guid":{"rendered":"https:\/\/diariodocomercio.com.br\/mix\/?p=43540"},"modified":"2026-04-29T09:42:19","modified_gmt":"2026-04-29T12:42:19","slug":"inss-confirma-data-para-fim-de-servicos-e-aposentados-vao-ficar-sem-receber","status":"publish","type":"post","link":"https:\/\/diariodocomercio.com.br\/mix\/inss-confirma-data-para-fim-de-servicos-e-aposentados-vao-ficar-sem-receber\/","title":{"rendered":"INSS confirma data para fim de servi\u00e7os e aposentados v\u00e3o ficar sem receber"},"content":{"rendered":"\n<p>O Instituto Nacional do Seguro Social confirmou a prorroga\u00e7\u00e3o do prazo para aposentados e pensionistas contestarem descontos associativos n\u00e3o autorizados em seus benef\u00edcios. A nova data limite foi fixada para 20 de junho de 2026. Ap\u00f3s esse per\u00edodo, os segurados que n\u00e3o se manifestarem podem perder o direito de recuperar valores descontados indevidamente.<\/p>\n\n\n\n<p>A medida foi oficializada por meio da Portaria Conjunta MPS\/INSS n\u00ba 12 e busca ampliar o acesso ao ressarcimento ap\u00f3s a identifica\u00e7\u00e3o de um esquema de cobran\u00e7as irregulares em benef\u00edcios previdenci\u00e1rios.<\/p>\n\n\n\n<p>A decis\u00e3o de estender o prazo ocorreu ap\u00f3s investiga\u00e7\u00f5es apontarem um grande volume de descontos n\u00e3o autorizados. Dados da Controladoria-Geral da Uni\u00e3o indicam que cerca de 97% dos benefici\u00e1rios afetados n\u00e3o autorizaram as cobran\u00e7as.<\/p>\n\n\n\n<p>O esquema foi revelado pela Opera\u00e7\u00e3o Sem Desconto, conduzida pela Pol\u00edcia Federal e pela CGU, e envolve desvios estimados em at\u00e9 R$ 6,3 bilh\u00f5es entre 2019 e 2024.<\/p>\n\n\n\n<p>At\u00e9 o momento, aproximadamente R$ 2,95 bilh\u00f5es j\u00e1 foram devolvidos a mais de 4,3 milh\u00f5es de benefici\u00e1rios. No entanto, o INSS alerta que cerca de 4 milh\u00f5es de pessoas ainda n\u00e3o realizaram a contesta\u00e7\u00e3o.<\/p>\n\n\n\n<h2 class=\"wp-block-heading\"><strong>Como garantir o ressarcimento<\/strong><\/h2>\n\n\n\n<p>Para recuperar os valores, o segurado precisa verificar poss\u00edveis descontos e formalizar a contesta\u00e7\u00e3o por canais oficiais, como o aplicativo <a href=\"https:\/\/meu.inss.gov.br\/#\/\" target=\"_blank\" rel=\"noopener\">Meu INSS<\/a>, a Central 135 ou ag\u00eancias dos Correios.<\/p>\n\n\n\n<p>Ap\u00f3s a solicita\u00e7\u00e3o, a entidade respons\u00e1vel pelo desconto tem at\u00e9 15 dias \u00fateis para apresentar justificativa. Caso n\u00e3o comprove a autoriza\u00e7\u00e3o, o benefici\u00e1rio pode aderir ao acordo para receber o valor de volta, que \u00e9 depositado em at\u00e9 tr\u00eas dias \u00fateis ap\u00f3s a confirma\u00e7\u00e3o.<\/p>\n\n\n\n<p>Grupos considerados mais vulner\u00e1veis, como idosos acima de 80 anos, ind\u00edgenas e quilombolas, t\u00eam o ressarcimento realizado automaticamente.<\/p>\n\n\n\n<h2 class=\"wp-block-heading\"><strong>Prazo \u00e9 decisivo para evitar perdas<\/strong><\/h2>\n\n\n\n<p>O INSS refor\u00e7a que a aus\u00eancia de manifesta\u00e7\u00e3o at\u00e9 o dia 20 de junho pode impedir a devolu\u00e7\u00e3o dos valores descontados irregularmente. Por isso, a recomenda\u00e7\u00e3o \u00e9 que os benefici\u00e1rios consultem sua situa\u00e7\u00e3o o quanto antes.<\/p>\n\n\n\n<p>A prorroga\u00e7\u00e3o busca garantir que mais pessoas tenham acesso ao ressarcimento, mas tamb\u00e9m marca o encerramento do per\u00edodo de contesta\u00e7\u00e3o, considerado essencial para a regulariza\u00e7\u00e3o dos pagamentos e a devolu\u00e7\u00e3o dos valores aos segurados afetados.<\/p>\n","protected":false},"excerpt":{"rendered":"<p>O Instituto Nacional do Seguro Social confirmou a prorroga\u00e7\u00e3o do prazo para aposentados e pensionistas contestarem descontos associativos n\u00e3o autorizados em seus benef\u00edcios. A nova data limite foi fixada para 20 de junho de 2026. Ap\u00f3s esse per\u00edodo, os segurados que n\u00e3o se manifestarem podem perder o direito de recuperar valores descontados indevidamente. A medida [&hellip;]<\/p>\n","protected":false},"author":9,"featured_media":23191,"comment_status":"closed","ping_status":"closed","sticky":false,"template":"","format":"standard","meta":{"jnews-multi-image_gallery":[],"jnews_single_post":{"format":"standard"},"jnews_primary_category":[],"jnews_social_meta":[],"jnews_override_counter":[],"jnews_post_split":[],"footnotes":""},"categories":[1],"tags":[],"class_list":["post-43540","post","type-post","status-publish","format-standard","has-post-thumbnail","hentry","category-geral"],"_referencia":"","_links":{"self":[{"href":"https:\/\/diariodocomercio.com.br\/mix\/wp-json\/wp\/v2\/posts\/43540","targetHints":{"allow":["GET"]}}],"collection":[{"href":"https:\/\/diariodocomercio.com.br\/mix\/wp-json\/wp\/v2\/posts"}],"about":[{"href":"https:\/\/diariodocomercio.com.br\/mix\/wp-json\/wp\/v2\/types\/post"}],"author":[{"embeddable":true,"href":"https:\/\/diariodocomercio.com.br\/mix\/wp-json\/wp\/v2\/users\/9"}],"replies":[{"embeddable":true,"href":"https:\/\/diariodocomercio.com.br\/mix\/wp-json\/wp\/v2\/comments?post=43540"}],"version-history":[{"count":1,"href":"https:\/\/diariodocomercio.com.br\/mix\/wp-json\/wp\/v2\/posts\/43540\/revisions"}],"predecessor-version":[{"id":43543,"href":"https:\/\/diariodocomercio.com.br\/mix\/wp-json\/wp\/v2\/posts\/43540\/revisions\/43543"}],"wp:featuredmedia":[{"embeddable":true,"href":"https:\/\/diariodocomercio.com.br\/mix\/wp-json\/wp\/v2\/media\/23191"}],"wp:attachment":[{"href":"https:\/\/diariodocomercio.com.br\/mix\/wp-json\/wp\/v2\/media?parent=43540"}],"wp:term":[{"taxonomy":"category","embeddable":true,"href":"https:\/\/diariodocomercio.com.br\/mix\/wp-json\/wp\/v2\/categories?post=43540"},{"taxonomy":"post_tag","embeddable":true,"href":"https:\/\/diariodocomercio.com.br\/mix\/wp-json\/wp\/v2\/tags?post=43540"}],"curies":[{"name":"wp","href":"https:\/\/api.w.org\/{rel}","templated":true}]}}