{"id":43548,"date":"2026-04-29T10:12:30","date_gmt":"2026-04-29T13:12:30","guid":{"rendered":"https:\/\/diariodocomercio.com.br\/mix\/?p=43548"},"modified":"2026-04-29T10:12:33","modified_gmt":"2026-04-29T13:12:33","slug":"novo-pagamento-e-confirmado-e-clientes-da-caixa-podem-ter-dinheiro-a-receber","status":"publish","type":"post","link":"https:\/\/diariodocomercio.com.br\/mix\/novo-pagamento-e-confirmado-e-clientes-da-caixa-podem-ter-dinheiro-a-receber\/","title":{"rendered":"Novo pagamento \u00e9 confirmado e clientes da Caixa podem ter dinheiro a receber"},"content":{"rendered":"\n<p>Se voc\u00ea nasceu at\u00e9 o m\u00eas de abril, o seu abono salarial do PIS j\u00e1 est\u00e1 dispon\u00edvel na sua conta Caixa Tem. Lembrando que o PIS \u00e9 para trabalhadores CLT da iniciativa privada, enquanto servidores p\u00fablicos recebem o abono atrav\u00e9s do PASEP, pago por meio do Banco do Brasil. Outro ponto importante \u00e9 que n\u00e3o s\u00e3o todos os trabalhadores CLT que t\u00eam direito ao abono.<\/p>\n\n\n\n<p>De acordo com a Ag\u00eancia Brasil, voc\u00ea precisa se encaixar nos seguintes crit\u00e9rios:<\/p>\n\n\n\n<ul class=\"wp-block-list\">\n<li>estar cadastrado no Pis\/Pasep h\u00e1 pelo menos cinco anos, contados da data do primeiro v\u00ednculo;\u00a0<\/li>\n\n\n\n<li>ter recebido, de empregadores que contribuem para os programas, at\u00e9 R$ 2.766 de remunera\u00e7\u00e3o m\u00e9dia mensal no per\u00edodo trabalhado;\u00a0<\/li>\n\n\n\n<li>ter exercido atividade remunerada por, no m\u00ednimo, 30 dias no ano-base, dias consecutivos ou n\u00e3o;\u00a0<\/li>\n\n\n\n<li>ter os dados do ano-base informados corretamente pelo empregador no eSocial.\u00a0<\/li>\n<\/ul>\n\n\n\n<p>O pagamento de 2026 \u00e9 feito em rela\u00e7\u00e3o ao ano-base de 2024. O abono precisa ser sacado at\u00e9 o \u00faltimo dia \u00fatil banc\u00e1rio do ano: 30 de dezembro.<\/p>\n\n\n\n<p>Se voc\u00ea ainda ficou na d\u00favida se tem ou n\u00e3o direito ao benef\u00edcio, basta instalar o aplicativo da Carteira de Trabalho Digital, fazer o login com o seu usu\u00e1rio e senha do Gov.br e acessar &#8220;Benef\u00edcios&#8221; &gt; &#8220;Abono salarial&#8221;. Tem um passo a passo mais detalhado em <a href=\"https:\/\/www.gov.br\/trabalho-e-emprego\/pt-br\/servicos\/trabalhador\/carteira-de-trabalho\/Passo_a_Passo_CTPSDigital_APP_e_WEB.pdf\" target=\"_blank\" rel=\"noreferrer noopener\">documento feito pelo Minist\u00e9rio do Trabalho e Emprego<\/a>.<\/p>\n\n\n\n<h2 class=\"wp-block-heading\">Calend\u00e1rio PIS\/Pasep 2026<\/h2>\n\n\n\n<figure class=\"wp-block-table\"><table class=\"has-fixed-layout\"><tbody><tr><td class=\"has-text-align-left\" data-align=\"left\"><strong>Nascidos em<\/strong><\/td><td class=\"has-text-align-left\" data-align=\"left\"><strong>Recebem a partir de<\/strong><\/td><\/tr><tr><td class=\"has-text-align-left\" data-align=\"left\">Janeiro<\/td><td class=\"has-text-align-left\" data-align=\"left\">15 de fevereiro<\/td><\/tr><tr><td class=\"has-text-align-left\" data-align=\"left\">Fevereiro<\/td><td class=\"has-text-align-left\" data-align=\"left\">15 de mar\u00e7o<\/td><\/tr><tr><td class=\"has-text-align-left\" data-align=\"left\">Mar\u00e7o e abril<\/td><td class=\"has-text-align-left\" data-align=\"left\">15 de abril<\/td><\/tr><tr><td class=\"has-text-align-left\" data-align=\"left\">Maio e junho<\/td><td class=\"has-text-align-left\" data-align=\"left\">15 de maio<\/td><\/tr><tr><td class=\"has-text-align-left\" data-align=\"left\">Julho e agosto<\/td><td class=\"has-text-align-left\" data-align=\"left\">15 de junho<\/td><\/tr><tr><td class=\"has-text-align-left\" data-align=\"left\">Setembro e outubro<\/td><td class=\"has-text-align-left\" data-align=\"left\">15 de julho<\/td><\/tr><tr><td class=\"has-text-align-left\" data-align=\"left\">Novembro e dezembro<\/td><td class=\"has-text-align-left\" data-align=\"left\">15 de agosto<\/td><\/tr><\/tbody><\/table><\/figure>\n\n\n\n<style>@media (min-width: 992px) {\n    .recomendadorV2Area1 {\n        width: 280px;\n    }\n    .recomendadorV2Area2 {\n        padding: 0px 20px;\n        width: calc(100% - 280px);\n    }\n}\n\n@media (max-width: 992px) {\n    .recomendadorV2Button {\n        margin: 0 auto;\n    }\n    .recomendadorV2Area {\n        flex-direction: column;\n        text-align: center;\n    }\n    .recomendadorV2Area2 {\n        padding: 0px 20px;\n    }\n}\n\n.recomendadorV2Area {\n    background: #eeeeee3d;\n    border-radius: 10px;\n    padding: 15px;\n    display: flex;\n    margin: 15px auto;\n    border: 1px solid #00000014;\n    max-width: 800px;\n}\n\n.recomendadorV2Area1 img {\n    width: 280px;\n    height: auto;\n    border-radius: 8px;\n}\n\n.linkrecomendadorv2 {\n    text-decoration: none !important;\n}\n\n.recomendadorV2Area2 .recomendadorV2Type {\n    text-transform: uppercase;\n    font-weight: 500;\n    font-size: 11px;\n    letter-spacing: 2px;\n    color: #666;\n    margin: 12px 0;\n    display: block;\n}\n\n.recomendadorV2Title h2 {\n    padding-top: 0px !important;\n    margin: 0px !important;\n    border-left: none !important;\n    padding-left: 0px !important;\n    line-height: 1.3;\n    color: #000 !important;\n    font-size: 24px;\n    margin-bottom: 12px !important;\n}\n\n.recomendadorV2Desc {\n    color: #333;\n    margin: 12px 0px !important;\n    font-size: 15px;\n    line-height: 1.5;\n}\n\n.recomendadorV2Button {\n    width: auto;\n    max-width: 200px;\n    margin: 0;\n    display: inline-flex;\n    align-items: center;\n    background: #1D3557;\n    border-radius: 8px;\n    color: #fff;\n    height: 36px;\n    justify-content: center;\n    text-align: center;\n    font-size: 14px;\n    padding: 0 20px;\n    transition: background-color 0.2s ease;\n}\n\n.recomendadorV2Button:hover {\n    background: #2a4d7a;\n}\n\n.recomendadorV2Button:after {\n    margin-top: -2px;\n    content: \"\u2192\";\n    padding: 0px 0px 0px 8px;\n}\n\n.recomendadorV2Alert {\n    text-align: left;\n    font-size: 11px;\n    margin-top: 8px;\n    color: #666;\n}\n\n.recomendadorFixedArea {\n    width: 100%;\n    display: flex;\n    justify-content: center;\n    align-items: center;\n}\n\n@media (min-width: 992px) {\n    #recomendadorFixed {\n        width: 32% !important;\n        left: 5%;\n    }\n    .recomendadorCloseFixed{\n        right: inherit !important;\n        left: 378px !important;\n    }\n}\n\n#recomendadorFixed {\n    width: 90%;\n    box-shadow: 0 10px 20px 0px #00000057;\n    display: none;\n    height: 90px;\n    background: #F6F6F6;\n    position: fixed;\n    flex-direction: row;\n    bottom: 10px;\n    z-index: 9999;\n    border-radius: 16px;\n    padding: 7px 10px;\n}\n\n.recomendadorLeftArea {\n    width: 160px;\n}\n\n.recomendadorRightArea h2 {\n    padding-top: 0px;\n    margin: 2px 0px 4px 0px !important;\n    font-weight: 400;\n    text-align: center;\n    padding-left: 0px !important;\n    color: #000 !important;\n    border-left: none !important;\n    line-height: 20px;\n    font-size: 12px !important;\n}\n\n.recomendadorImgFixed {\n    overflow: hidden;\n    padding: 8px 6px;\n    height: 100%;\n}\n\n.recomendadorImgFixed img {\n    height: 100% !important;\n    border-radius: 16px;\n}\n\n.recomendadorRightArea {\n    padding-top: 6px;\n    display: flex;\n    width: calc(100% - 130px);\n    justify-content: space-between;\n    align-items: center;\n    flex-direction: column;\n}\n\n.recomendadorButtonFixed {\n    margin: 0 auto;\n    background: #1D3557;\n    width: 80%;\n    text-align: center;\n    font-size: 10px;\n    color: #FFF;\n    padding: 2px 10px;\n    border-radius: 3px;\n}\n\n.recomendadorButtonFixed:after {\n    margin-top: -3px;\n    content: \"\u2192\";\n    padding: 0px 0px 0px 10px;\n}\n\n.recomendadorAlertFixed {\n    font-weight: 400;\n    text-align: center;\n    color: #484848;\n    font-size: 8px;\n}\n\n.recomendadorCloseFixed {\n    z-index: 99999;\n    display: none;\n    right: 0px;\n    left: inherit;\n    bottom: 99px;\n    position: fixed;\n    justify-content: center;\n    background: #F6F6F6;\n    width: 25px;\n    align-items: center;\n    height: 25px;\n    font-weight: 800;\n    border-radius: 50%;\n    border: 1px solid #EBEBEB;\n}\n\n.recomendadorV2Desc{\n    color: #000000;\n    margin: 20px 0px;\n}\n\n@media (max-width: 576px) {\n    .recomendadorV2Area {\n      padding: 10px;\n      max-width: 100%;\n    }\n  \n    .recomendadorV2Area1 img {\n      width: 100%;\n      border-radius: 6px;\n    }\n  \n    .recomendadorV2Area2 .recomendadorV2Type {\n      font-size: 9px;\n      letter-spacing: 1px;\n      margin: 8px 0;\n    }\n  \n    .recomendadorV2Title h2 {\n      font-size: 18px !important;\n      margin-bottom: 8px !important;\n      line-height: 1.2;\n    }\n  \n    .recomendadorV2Desc {\n      font-size: 14px;\n      margin: 8px 0 !important;\n      line-height: 1.4;\n    }\n  \n    .recomendadorV2Button {\n      font-size: 14px;\n      height: 40px;\n      padding: 0 12px;\n      max-width: 100%;\n      width: 100%;\n    }\n  \n    .recomendadorV2Button:after {\n      padding-left: 6px;\n    }\n  }\n  <\/style>\n        <div class=\"lazyblock-recomendador-v2-2jDGz wp-block-lazyblock-recomendador-v2\">\n        <a class=\"linkrecomendadorv2\" href=\"https:\/\/diariodocomercio.com.br\/mix\/demorei-muito-para-entender-por-que-nao-deveria-colocar-esses-6-alimentos-na-air-fryer\/\">\n            <div class=\"recomendadorV2Area\">\n            <div class=\"recomendadorV2Area1\">\n                <div class=\"recomendadorV2Img\">\n                <img class=\"lazyloaded\" decoding=\"async\" src=\"https:\/\/diariodocomercio.com.br\/mix\/wp-content\/uploads\/2025\/01\/air-fryer.jpg\" data-src=\"https:\/\/diariodocomercio.com.br\/mix\/wp-content\/uploads\/2025\/01\/air-fryer.jpg\" alt=\"\">\n                <\/div>\n            <\/div>\n            <div class=\"recomendadorV2Area2\">\n                <div class=\"recomendadorV2Type\">\n                    <span>CASA<\/span>\n                <\/div>\n                <div class=\"recomendadorV2Title\">\n                <h2><span>Demorei muito para entender por que n\u00e3o deveria colocar esses 6 alimentos na air fryer<\/span><\/h2>\n                <\/div>\n                <div class=\"recomendadorV2Desc\">\n                <span>Al\u00e9m da praticidade e do fato de n\u00e3o precisar de \u00f3leo para fritar os alimentos, um dos pontos que tornam \u2026<\/span>\n                <\/div>\n                <div class=\"recomendadorV2Button\">Leia mais<\/div>\n                <div class=\"recomendadorV2Alert\"><\/div>\n            <\/div>\n            <\/div>\n        <\/a>\n        <div>\n            <div style=\"z-index:99999;\" id=\"buttonClose\" onclick=\"closeRecomendadorFixed()\">\n            <div class=\"recomendadorCloseFixed\">X<\/div>\n            <\/div>\n            <a href=\"https:\/\/diariodocomercio.com.br\/mix\/demorei-muito-para-entender-por-que-nao-deveria-colocar-esses-6-alimentos-na-air-fryer\/\">\n            <div class=\"recomendadorFixedArea\">\n                <div id=\"recomendadorFixed\">\n                <div class=\"recomendadorLeftArea\">\n                    <div class=\"recomendadorImgFixed\">\n                    <img class=\"lazyload\" decoding=\"async\" src=\"https:\/\/diariodocomercio.com.br\/mix\/wp-content\/uploads\/2025\/01\/air-fryer.jpg\" alt=\"\">\n                    <\/div>\n                <\/div>\n                <div class=\"recomendadorRightArea\">\n                    <div class=\"recomendadorTitleFixed\">\n                    <h2><span>Demorei muito para entender por que n\u00e3o deveria colocar esses 6 alimentos na air fryer<\/span><\/h2>\n                    <\/div>\n                    <div class=\"recomendadorButtonFixed\">Leia mais<\/div>\n                    <div class=\"recomendadorAlertFixed\"><\/div>\n                <\/div>\n                <\/div>\n            <\/div>\n            <\/a>\n        <\/div>\n        <\/div>\n","protected":false},"excerpt":{"rendered":"<p>Se voc\u00ea nasceu at\u00e9 o m\u00eas de abril, o seu abono salarial do PIS j\u00e1 est\u00e1 dispon\u00edvel na sua conta Caixa Tem. Lembrando que o PIS \u00e9 para trabalhadores CLT da iniciativa privada, enquanto servidores p\u00fablicos recebem o abono atrav\u00e9s do PASEP, pago por meio do Banco do Brasil. Outro ponto importante \u00e9 que n\u00e3o [&hellip;]<\/p>\n","protected":false},"author":6,"featured_media":42660,"comment_status":"closed","ping_status":"closed","sticky":false,"template":"","format":"standard","meta":{"jnews-multi-image_gallery":[],"jnews_single_post":{"format":"standard"},"jnews_primary_category":[],"jnews_social_meta":[],"jnews_override_counter":[],"jnews_post_split":[],"footnotes":""},"categories":[1],"tags":[],"class_list":["post-43548","post","type-post","status-publish","format-standard","has-post-thumbnail","hentry","category-geral"],"_referencia":"","_links":{"self":[{"href":"https:\/\/diariodocomercio.com.br\/mix\/wp-json\/wp\/v2\/posts\/43548","targetHints":{"allow":["GET"]}}],"collection":[{"href":"https:\/\/diariodocomercio.com.br\/mix\/wp-json\/wp\/v2\/posts"}],"about":[{"href":"https:\/\/diariodocomercio.com.br\/mix\/wp-json\/wp\/v2\/types\/post"}],"author":[{"embeddable":true,"href":"https:\/\/diariodocomercio.com.br\/mix\/wp-json\/wp\/v2\/users\/6"}],"replies":[{"embeddable":true,"href":"https:\/\/diariodocomercio.com.br\/mix\/wp-json\/wp\/v2\/comments?post=43548"}],"version-history":[{"count":1,"href":"https:\/\/diariodocomercio.com.br\/mix\/wp-json\/wp\/v2\/posts\/43548\/revisions"}],"predecessor-version":[{"id":43553,"href":"https:\/\/diariodocomercio.com.br\/mix\/wp-json\/wp\/v2\/posts\/43548\/revisions\/43553"}],"wp:featuredmedia":[{"embeddable":true,"href":"https:\/\/diariodocomercio.com.br\/mix\/wp-json\/wp\/v2\/media\/42660"}],"wp:attachment":[{"href":"https:\/\/diariodocomercio.com.br\/mix\/wp-json\/wp\/v2\/media?parent=43548"}],"wp:term":[{"taxonomy":"category","embeddable":true,"href":"https:\/\/diariodocomercio.com.br\/mix\/wp-json\/wp\/v2\/categories?post=43548"},{"taxonomy":"post_tag","embeddable":true,"href":"https:\/\/diariodocomercio.com.br\/mix\/wp-json\/wp\/v2\/tags?post=43548"}],"curies":[{"name":"wp","href":"https:\/\/api.w.org\/{rel}","templated":true}]}}