{"id":43552,"date":"2026-04-29T12:24:48","date_gmt":"2026-04-29T15:24:48","guid":{"rendered":"https:\/\/diariodocomercio.com.br\/mix\/?p=43552"},"modified":"2026-04-29T12:24:50","modified_gmt":"2026-04-29T15:24:50","slug":"farmaceutica-pagou-propina-a-medicos-para-incentivar-uso-de-analgesico-viciante-neste-pais","status":"publish","type":"post","link":"https:\/\/diariodocomercio.com.br\/mix\/farmaceutica-pagou-propina-a-medicos-para-incentivar-uso-de-analgesico-viciante-neste-pais\/","title":{"rendered":"Farmac\u00eautica pagou propina a m\u00e9dicos para incentivar uso de analg\u00e9sico viciante neste pa\u00eds"},"content":{"rendered":"\n<p>A farmac\u00eautica Purdue Pharma foi condenada pela Justi\u00e7a de Nova Jersey, nos Estados Unidos, a pagar cerca de US$ 7,4 bilh\u00f5es (aproximadamente R$ 36 bilh\u00f5es) por seu papel na crise de opioides que atingiu o pa\u00eds nas \u00faltimas d\u00e9cadas.<\/p>\n\n\n\n<p>A decis\u00e3o judicial aponta que a empresa enganou \u00f3rg\u00e3os reguladores e adotou pr\u00e1ticas ilegais para ampliar a venda do analg\u00e9sico OxyContin, medicamento com alto potencial de depend\u00eancia.<\/p>\n\n\n\n<p>Segundo o processo, a Purdue Pharma pagou incentivos financeiros a m\u00e9dicos para estimular a prescri\u00e7\u00e3o do medicamento, al\u00e9m de minimizar os riscos de depend\u00eancia em suas estrat\u00e9gias de marketing.<\/p>\n\n\n\n<p>A empresa tamb\u00e9m admitiu falhas no controle da distribui\u00e7\u00e3o do produto, permitindo que o analg\u00e9sico fosse desviado para uso indevido, inclusive no mercado ilegal.<\/p>\n\n\n\n<p>O caso se tornou um dos principais s\u00edmbolos da crise de opioides nos Estados Unidos, associada a milh\u00f5es de casos de depend\u00eancia qu\u00edmica e mortes por overdose.<\/p>\n\n\n\n<figure class=\"wp-block-embed is-type-video is-provider-youtube wp-block-embed-youtube wp-embed-aspect-16-9 wp-has-aspect-ratio\"><div class=\"wp-block-embed__wrapper\">\n<div class=\"jeg_video_container jeg_video_content\"><iframe loading=\"lazy\" title=\"Purdue Pharma bankruptcy case frustrates some victims | 60 Minutes\" width=\"500\" height=\"281\" src=\"https:\/\/www.youtube.com\/embed\/DB1Zo6DY5LU?feature=oembed\" frameborder=\"0\" allow=\"accelerometer; autoplay; clipboard-write; encrypted-media; gyroscope; picture-in-picture; web-share\" referrerpolicy=\"strict-origin-when-cross-origin\" allowfullscreen><\/iframe><\/div>\n<\/div><\/figure>\n\n\n\n<h2 class=\"wp-block-heading\"><strong>Acordo bilion\u00e1rio e fim das opera\u00e7\u00f5es<\/strong><\/h2>\n\n\n\n<p>Como parte do acordo judicial, a farmac\u00eautica dever\u00e1 ser dissolvida a partir de 1\u00ba de maio, utilizando seus ativos para financiar o pagamento da indeniza\u00e7\u00e3o. O valor ser\u00e1 destinado, em grande parte, a estados e munic\u00edpios afetados, al\u00e9m de fundos voltados a v\u00edtimas da epidemia.<\/p>\n\n\n\n<p>Parte dos recursos tamb\u00e9m ser\u00e1 direcionada a programas de tratamento e preven\u00e7\u00e3o da depend\u00eancia de opioides.<\/p>\n\n\n\n<h2 class=\"wp-block-heading\"><strong>Impacto da crise e cr\u00edticas \u00e0 puni\u00e7\u00e3o<\/strong><\/h2>\n\n\n\n<p>Durante o julgamento, v\u00edtimas e familiares relataram perdas causadas pelo uso do medicamento, refor\u00e7ando a dimens\u00e3o do problema de sa\u00fade p\u00fablica. Apesar do acordo bilion\u00e1rio, houve cr\u00edticas quanto \u00e0 aus\u00eancia de responsabiliza\u00e7\u00e3o criminal de executivos da empresa.<\/p>\n\n\n\n<p>Autoridades reconheceram que falhas regulat\u00f3rias tamb\u00e9m contribu\u00edram para a dissemina\u00e7\u00e3o do uso indevido do medicamento ao longo dos anos.<\/p>\n\n\n\n<p>O desfecho do processo representa um dos maiores acordos j\u00e1 registrados envolvendo a ind\u00fastria farmac\u00eautica e refor\u00e7a a press\u00e3o por maior controle na prescri\u00e7\u00e3o e comercializa\u00e7\u00e3o de medicamentos com potencial de depend\u00eancia.<\/p>\n","protected":false},"excerpt":{"rendered":"<p>A farmac\u00eautica Purdue Pharma foi condenada pela Justi\u00e7a de Nova Jersey, nos Estados Unidos, a pagar cerca de US$ 7,4 bilh\u00f5es (aproximadamente R$ 36 bilh\u00f5es) por seu papel na crise de opioides que atingiu o pa\u00eds nas \u00faltimas d\u00e9cadas. A decis\u00e3o judicial aponta que a empresa enganou \u00f3rg\u00e3os reguladores e adotou pr\u00e1ticas ilegais para ampliar [&hellip;]<\/p>\n","protected":false},"author":9,"featured_media":43560,"comment_status":"closed","ping_status":"closed","sticky":false,"template":"","format":"standard","meta":{"jnews-multi-image_gallery":[],"jnews_single_post":{"format":"standard"},"jnews_primary_category":[],"jnews_social_meta":[],"jnews_override_counter":[],"jnews_post_split":[],"footnotes":""},"categories":[1],"tags":[],"class_list":["post-43552","post","type-post","status-publish","format-standard","has-post-thumbnail","hentry","category-geral"],"_referencia":"","_links":{"self":[{"href":"https:\/\/diariodocomercio.com.br\/mix\/wp-json\/wp\/v2\/posts\/43552","targetHints":{"allow":["GET"]}}],"collection":[{"href":"https:\/\/diariodocomercio.com.br\/mix\/wp-json\/wp\/v2\/posts"}],"about":[{"href":"https:\/\/diariodocomercio.com.br\/mix\/wp-json\/wp\/v2\/types\/post"}],"author":[{"embeddable":true,"href":"https:\/\/diariodocomercio.com.br\/mix\/wp-json\/wp\/v2\/users\/9"}],"replies":[{"embeddable":true,"href":"https:\/\/diariodocomercio.com.br\/mix\/wp-json\/wp\/v2\/comments?post=43552"}],"version-history":[{"count":1,"href":"https:\/\/diariodocomercio.com.br\/mix\/wp-json\/wp\/v2\/posts\/43552\/revisions"}],"predecessor-version":[{"id":43562,"href":"https:\/\/diariodocomercio.com.br\/mix\/wp-json\/wp\/v2\/posts\/43552\/revisions\/43562"}],"wp:featuredmedia":[{"embeddable":true,"href":"https:\/\/diariodocomercio.com.br\/mix\/wp-json\/wp\/v2\/media\/43560"}],"wp:attachment":[{"href":"https:\/\/diariodocomercio.com.br\/mix\/wp-json\/wp\/v2\/media?parent=43552"}],"wp:term":[{"taxonomy":"category","embeddable":true,"href":"https:\/\/diariodocomercio.com.br\/mix\/wp-json\/wp\/v2\/categories?post=43552"},{"taxonomy":"post_tag","embeddable":true,"href":"https:\/\/diariodocomercio.com.br\/mix\/wp-json\/wp\/v2\/tags?post=43552"}],"curies":[{"name":"wp","href":"https:\/\/api.w.org\/{rel}","templated":true}]}}