{"id":43563,"date":"2026-04-29T12:42:00","date_gmt":"2026-04-29T15:42:00","guid":{"rendered":"https:\/\/diariodocomercio.com.br\/mix\/?p=43563"},"modified":"2026-04-29T12:33:21","modified_gmt":"2026-04-29T15:33:21","slug":"governo-antecipa-novo-auxilio-para-ajudar-brasileiros-com-a-corda-no-pescoco","status":"publish","type":"post","link":"https:\/\/diariodocomercio.com.br\/mix\/governo-antecipa-novo-auxilio-para-ajudar-brasileiros-com-a-corda-no-pescoco\/","title":{"rendered":"Governo antecipa novo aux\u00edlio para ajudar brasileiros com a corda no pesco\u00e7o"},"content":{"rendered":"\n<p>O presidente Luiz In\u00e1cio Lula da Silva deve antecipar o an\u00fancio de um novo programa de renegocia\u00e7\u00e3o de d\u00edvidas durante pronunciamento previsto para o Dia do Trabalhador, 1\u00ba de maio. A iniciativa, conhecida como Desenrola 2.0, \u00e9 tratada pelo governo como uma das principais medidas para aliviar o endividamento das fam\u00edlias brasileiras.<\/p>\n\n\n\n<p>Embora o lan\u00e7amento oficial esteja previsto para a pr\u00f3xima semana, a expectativa \u00e9 que o presidente apresente os principais pontos do programa j\u00e1 no discurso, em meio \u00e0 preocupa\u00e7\u00e3o com o alto n\u00edvel de inadimpl\u00eancia no pa\u00eds.<\/p>\n\n\n\n<p>De acordo com o Minist\u00e9rio da Fazenda, o Desenrola 2.0 deve oferecer condi\u00e7\u00f5es mais amplas de renegocia\u00e7\u00e3o, com descontos que podem variar de 20% a at\u00e9 90% do valor total das d\u00edvidas.<\/p>\n\n\n\n<p>A proposta tamb\u00e9m prev\u00ea redu\u00e7\u00e3o significativa nas taxas de juros, especialmente em modalidades consideradas mais caras, como cart\u00e3o de cr\u00e9dito, cheque especial e cr\u00e9dito pessoal sem garantia.<\/p>\n\n\n\n<p>O programa est\u00e1 sendo estruturado em conjunto com bancos p\u00fablicos e privados, com participa\u00e7\u00e3o do Fundo Garantidor de Opera\u00e7\u00f5es para dar mais seguran\u00e7a \u00e0s renegocia\u00e7\u00f5es.<\/p>\n\n\n\n<h2 class=\"wp-block-heading\"><strong>Medida busca alcan\u00e7ar milh\u00f5es de brasileiros<\/strong><\/h2>\n\n\n\n<p>A expectativa do governo \u00e9 atingir dezenas de milh\u00f5es de pessoas em todo o pa\u00eds. Na primeira edi\u00e7\u00e3o do programa, lan\u00e7ada em 2023, cerca de 15 milh\u00f5es de brasileiros renegociaram mais de R$ 53 bilh\u00f5es em d\u00edvidas.<\/p>\n\n\n\n<p>Al\u00e9m disso, o novo modelo pode incluir mecanismos adicionais, como uso limitado do FGTS para auxiliar na quita\u00e7\u00e3o de d\u00e9bitos, condicionado \u00e0 ades\u00e3o ao programa.<\/p>\n\n\n\n<h2 class=\"wp-block-heading\"><strong>Debate sobre jornada de trabalho tamb\u00e9m ganha espa\u00e7o<\/strong><\/h2>\n\n\n\n<p>Outro tema que deve ser abordado no pronunciamento \u00e9 o fim da escala 6&#215;1, modelo em que o trabalhador atua seis dias por semana e descansa apenas um. A proposta vem sendo discutida no Congresso Nacional e j\u00e1 est\u00e1 em an\u00e1lise por uma comiss\u00e3o especial na C\u00e2mara dos Deputados.<\/p>\n\n\n\n<p>A defesa da redu\u00e7\u00e3o da jornada integra o discurso do governo de melhoria da qualidade de vida do trabalhador e aumento da produtividade.<\/p>\n\n\n\n<p>A antecipa\u00e7\u00e3o do an\u00fancio ocorre em um momento de press\u00e3o sobre a avalia\u00e7\u00e3o do governo, em meio ao alto endividamento das fam\u00edlias e ao cen\u00e1rio econ\u00f4mico desafiador.<\/p>\n\n\n\n<p>Com o Desenrola 2.0, o Executivo aposta em ampliar o al\u00edvio financeiro para a popula\u00e7\u00e3o e estimular o consumo, ao mesmo tempo em que refor\u00e7a pautas trabalhistas consideradas priorit\u00e1rias para os pr\u00f3ximos meses.<\/p>\n","protected":false},"excerpt":{"rendered":"<p>O presidente Luiz In\u00e1cio Lula da Silva deve antecipar o an\u00fancio de um novo programa de renegocia\u00e7\u00e3o de d\u00edvidas durante pronunciamento previsto para o Dia do Trabalhador, 1\u00ba de maio. A iniciativa, conhecida como Desenrola 2.0, \u00e9 tratada pelo governo como uma das principais medidas para aliviar o endividamento das fam\u00edlias brasileiras. Embora o lan\u00e7amento [&hellip;]<\/p>\n","protected":false},"author":9,"featured_media":43566,"comment_status":"closed","ping_status":"closed","sticky":false,"template":"","format":"standard","meta":{"jnews-multi-image_gallery":[],"jnews_single_post":{"format":"standard"},"jnews_primary_category":[],"jnews_social_meta":[],"jnews_override_counter":[],"jnews_post_split":[],"footnotes":""},"categories":[1],"tags":[],"class_list":["post-43563","post","type-post","status-publish","format-standard","has-post-thumbnail","hentry","category-geral"],"_referencia":"","_links":{"self":[{"href":"https:\/\/diariodocomercio.com.br\/mix\/wp-json\/wp\/v2\/posts\/43563","targetHints":{"allow":["GET"]}}],"collection":[{"href":"https:\/\/diariodocomercio.com.br\/mix\/wp-json\/wp\/v2\/posts"}],"about":[{"href":"https:\/\/diariodocomercio.com.br\/mix\/wp-json\/wp\/v2\/types\/post"}],"author":[{"embeddable":true,"href":"https:\/\/diariodocomercio.com.br\/mix\/wp-json\/wp\/v2\/users\/9"}],"replies":[{"embeddable":true,"href":"https:\/\/diariodocomercio.com.br\/mix\/wp-json\/wp\/v2\/comments?post=43563"}],"version-history":[{"count":1,"href":"https:\/\/diariodocomercio.com.br\/mix\/wp-json\/wp\/v2\/posts\/43563\/revisions"}],"predecessor-version":[{"id":43570,"href":"https:\/\/diariodocomercio.com.br\/mix\/wp-json\/wp\/v2\/posts\/43563\/revisions\/43570"}],"wp:featuredmedia":[{"embeddable":true,"href":"https:\/\/diariodocomercio.com.br\/mix\/wp-json\/wp\/v2\/media\/43566"}],"wp:attachment":[{"href":"https:\/\/diariodocomercio.com.br\/mix\/wp-json\/wp\/v2\/media?parent=43563"}],"wp:term":[{"taxonomy":"category","embeddable":true,"href":"https:\/\/diariodocomercio.com.br\/mix\/wp-json\/wp\/v2\/categories?post=43563"},{"taxonomy":"post_tag","embeddable":true,"href":"https:\/\/diariodocomercio.com.br\/mix\/wp-json\/wp\/v2\/tags?post=43563"}],"curies":[{"name":"wp","href":"https:\/\/api.w.org\/{rel}","templated":true}]}}