{"id":43564,"date":"2026-04-29T12:29:06","date_gmt":"2026-04-29T15:29:06","guid":{"rendered":"https:\/\/diariodocomercio.com.br\/mix\/?p=43564"},"modified":"2026-04-29T12:29:09","modified_gmt":"2026-04-29T15:29:09","slug":"instagram-deve-deixar-de-funcionar-para-menores-de-13-anos-apos-nova-medida-adotada","status":"publish","type":"post","link":"https:\/\/diariodocomercio.com.br\/mix\/instagram-deve-deixar-de-funcionar-para-menores-de-13-anos-apos-nova-medida-adotada\/","title":{"rendered":"Instagram deve deixar de funcionar para menores de 13 anos ap\u00f3s nova medida adotada"},"content":{"rendered":"\n<p>Nesta quarta-feira, dia 29, a <strong>Meta Platforms<\/strong>, empresa que controla o <strong>Facebook <\/strong>e o <strong>Instagram<\/strong>, foi notificada formalmente pela Uni\u00e3o Europeia. A acusa\u00e7\u00e3o gira em torno da viola\u00e7\u00e3o de regulamenta\u00e7\u00f5es que impedem o acesso de crian\u00e7as menores de 13 anos \u00e0s redes sociais.<\/p>\n\n\n\n<p>As plataformas foram instadas a adotar medidas mais rigorosas para impedir o uso por menores de idade, a\u00e7\u00e3o essa fundamentada em uma investiga\u00e7\u00e3o que durou dois anos pela Comiss\u00e3o Europeia.<\/p>\n\n\n\n<p>De acordo com o relat\u00f3rio, entre 10% e 12% das crian\u00e7as com menos de 13 anos na Europa t\u00eam acesso ao Instagram e Facebook. A preocupa\u00e7\u00e3o \u00e9 que esse p\u00fablico infantil esteja exposto a conte\u00fados impr\u00f3prios para a idade, revelando a necessidade urgente de aprimorar e priorizar as regulamenta\u00e7\u00f5es existentes para proteger os menores de tais exposi\u00e7\u00f5es.<\/p>\n\n\n\n<h2 class=\"wp-block-heading\">Desafios para Meta<\/h2>\n\n\n\n<p>A Meta afirma ter implementado v\u00e1rias medidas para detectar e excluir contas de crian\u00e7as muito jovens. Contudo, a Uni\u00e3o Europeia considera essas a\u00e7\u00f5es inadequadas.<\/p>\n\n\n\n<p>Caso as diretrizes da Lei dos Servi\u00e7os Digitais n\u00e3o sejam cumpridas, a empresa pode enfrentar penalidades severas, que podem chegar a <strong>6% do seu faturamento anual global.<\/strong><\/p>\n\n\n\n<p>Com esse cen\u00e1rio, a prote\u00e7\u00e3o infantil se torna um foco de debates globais, com empresas e governos buscando solu\u00e7\u00f5es para os desafios presentes no ambiente digital.<\/p>\n\n\n\n<p>A Meta est\u00e1 empenhada em um di\u00e1logo com a Comiss\u00e3o Europeia e planeja em breve anunciar medidas para enfrentar essa quest\u00e3o.<\/p>\n\n\n\n<p>A Comiss\u00e3o Europeia exige que o Facebook e Instagram aprimorem seus m\u00e9todos de avalia\u00e7\u00e3o de risco. As plataformas devem ser eficazes na preven\u00e7\u00e3o e remo\u00e7\u00e3o de perfis de menores de idade.<\/p>\n\n\n\n<p>Caso contr\u00e1rio, a Meta poder\u00e1 enfrentar multas pesadas. Essa postura r\u00edgida refor\u00e7a a vigil\u00e2ncia das autoridades em rela\u00e7\u00e3o \u00e0 prote\u00e7\u00e3o infantil no ambiente digital.<\/p>\n","protected":false},"excerpt":{"rendered":"<p>A Meta Platforms, empresa que controla o Facebook e o Instagram, foi notificada.<\/p>\n","protected":false},"author":12,"featured_media":15320,"comment_status":"closed","ping_status":"closed","sticky":false,"template":"","format":"standard","meta":{"jnews-multi-image_gallery":[],"jnews_single_post":{"format":"standard"},"jnews_primary_category":[],"jnews_social_meta":[],"jnews_override_counter":[],"jnews_post_split":[],"footnotes":""},"categories":[1],"tags":[],"class_list":["post-43564","post","type-post","status-publish","format-standard","has-post-thumbnail","hentry","category-geral"],"_referencia":"","_links":{"self":[{"href":"https:\/\/diariodocomercio.com.br\/mix\/wp-json\/wp\/v2\/posts\/43564","targetHints":{"allow":["GET"]}}],"collection":[{"href":"https:\/\/diariodocomercio.com.br\/mix\/wp-json\/wp\/v2\/posts"}],"about":[{"href":"https:\/\/diariodocomercio.com.br\/mix\/wp-json\/wp\/v2\/types\/post"}],"author":[{"embeddable":true,"href":"https:\/\/diariodocomercio.com.br\/mix\/wp-json\/wp\/v2\/users\/12"}],"replies":[{"embeddable":true,"href":"https:\/\/diariodocomercio.com.br\/mix\/wp-json\/wp\/v2\/comments?post=43564"}],"version-history":[{"count":2,"href":"https:\/\/diariodocomercio.com.br\/mix\/wp-json\/wp\/v2\/posts\/43564\/revisions"}],"predecessor-version":[{"id":43567,"href":"https:\/\/diariodocomercio.com.br\/mix\/wp-json\/wp\/v2\/posts\/43564\/revisions\/43567"}],"wp:featuredmedia":[{"embeddable":true,"href":"https:\/\/diariodocomercio.com.br\/mix\/wp-json\/wp\/v2\/media\/15320"}],"wp:attachment":[{"href":"https:\/\/diariodocomercio.com.br\/mix\/wp-json\/wp\/v2\/media?parent=43564"}],"wp:term":[{"taxonomy":"category","embeddable":true,"href":"https:\/\/diariodocomercio.com.br\/mix\/wp-json\/wp\/v2\/categories?post=43564"},{"taxonomy":"post_tag","embeddable":true,"href":"https:\/\/diariodocomercio.com.br\/mix\/wp-json\/wp\/v2\/tags?post=43564"}],"curies":[{"name":"wp","href":"https:\/\/api.w.org\/{rel}","templated":true}]}}