{"id":43568,"date":"2026-05-03T10:57:00","date_gmt":"2026-05-03T13:57:00","guid":{"rendered":"https:\/\/diariodocomercio.com.br\/mix\/?p=43568"},"modified":"2026-04-29T12:35:24","modified_gmt":"2026-04-29T15:35:24","slug":"regra-ja-esta-em-vigor-e-agora-final-de-semana-sera-de-tres-dias-para-trabalhadores-deste-pais","status":"publish","type":"post","link":"https:\/\/diariodocomercio.com.br\/mix\/regra-ja-esta-em-vigor-e-agora-final-de-semana-sera-de-tres-dias-para-trabalhadores-deste-pais\/","title":{"rendered":"Regra j\u00e1 est\u00e1 em vigor e agora final de semana ser\u00e1 de tr\u00eas dias para trabalhadores deste pa\u00eds"},"content":{"rendered":"\n<p>Empresas <strong>portuguesas <\/strong>est\u00e3o transformando o mercado de trabalho em 2026. Em uma iniciativa inovadora, 41 companhias adotaram um regime de quatro dias trabalhados para tr\u00eas dias de descanso.<\/p>\n\n\n\n<p>Essa mudan\u00e7a, aplicada em diversos setores, visa aumentar a produtividade e melhorar o bem-estar dos funcion\u00e1rios. O movimento surge para equilibrar a vida pessoal e profissional, ap\u00f3s per\u00edodos com semanas mais longas de trabalho.<\/p>\n\n\n\n<p>Em 2026, conforme apontado pelo economista Pedro Gomes, no livro &#8220;Sexta-Feira \u00e9 o Novo S\u00e1bado&#8221;, esse modelo \u00e9 estudado por ter importantes implica\u00e7\u00f5es no cen\u00e1rio econ\u00f4mico. As empresas envolvidas relataram um aumento significativo de receitas e produtividade, contrariando previs\u00f5es pessimistas.<\/p>\n\n\n\n<h2 class=\"wp-block-heading\">Impactos na produtividade e bem-estar<\/h2>\n\n\n\n<p>A jornada reduzida para o modelo 4&#215;3 j\u00e1 apresenta melhorias vis\u00edveis. Dados do estudo indicam que 86% dessas empresas observaram crescimento nas receitas.<\/p>\n\n\n\n<p>Notavelmente, o novo esquema laboral tamb\u00e9m resultou em melhores pr\u00e1ticas internas, como reuni\u00f5es mais objetivas e eficientes.<\/p>\n\n\n\n<p>Portugal se destaca como pioneiro nesse modelo, com efeitos positivos no ambiente de trabalho. Funcion\u00e1rios reportam menor estresse e menos aus\u00eancias, criando um ambiente mais sustent\u00e1vel.<\/p>\n\n\n\n<p>A adapta\u00e7\u00e3o deste modelo refletiu tamb\u00e9m na vida social. Trabalhadores com mais tempo livre tendem a participar de atividades culturais e recreativas, potencialmente incentivando o setor de lazer.<\/p>\n\n\n\n<p>Assim, a proposta sugere que mudan\u00e7as estruturais no trabalho podem trazer benef\u00edcios para al\u00e9m do ambiente corporativo, promovendo um estilo de vida mais equilibrado e satisfat\u00f3rio.<\/p>\n\n\n\n<p>O modelo 4&#215;3 em Portugal abre um cap\u00edtulo promissor na gest\u00e3o corporativa. As li\u00e7\u00f5es aprendidas destacam o poder da flexibilidade e inova\u00e7\u00e3o na busca pela efici\u00eancia e satisfa\u00e7\u00e3o dos funcion\u00e1rios. Observando esses primeiros passos em Portugal, h\u00e1 potencial para que outros pa\u00edses considerem mudan\u00e7as semelhantes em um futuro pr\u00f3ximo.<\/p>\n","protected":false},"excerpt":{"rendered":"<p>Mudan\u00e7a, aplicada em diversos setores, visa aumentar a produtividade e melhorar o bem-estar dos funcion\u00e1rios. <\/p>\n","protected":false},"author":12,"featured_media":10053,"comment_status":"closed","ping_status":"closed","sticky":false,"template":"","format":"standard","meta":{"jnews-multi-image_gallery":[],"jnews_single_post":{"format":"standard"},"jnews_primary_category":[],"jnews_social_meta":[],"jnews_override_counter":[],"jnews_post_split":[],"footnotes":""},"categories":[1],"tags":[],"class_list":["post-43568","post","type-post","status-publish","format-standard","has-post-thumbnail","hentry","category-geral"],"_referencia":"","_links":{"self":[{"href":"https:\/\/diariodocomercio.com.br\/mix\/wp-json\/wp\/v2\/posts\/43568","targetHints":{"allow":["GET"]}}],"collection":[{"href":"https:\/\/diariodocomercio.com.br\/mix\/wp-json\/wp\/v2\/posts"}],"about":[{"href":"https:\/\/diariodocomercio.com.br\/mix\/wp-json\/wp\/v2\/types\/post"}],"author":[{"embeddable":true,"href":"https:\/\/diariodocomercio.com.br\/mix\/wp-json\/wp\/v2\/users\/12"}],"replies":[{"embeddable":true,"href":"https:\/\/diariodocomercio.com.br\/mix\/wp-json\/wp\/v2\/comments?post=43568"}],"version-history":[{"count":2,"href":"https:\/\/diariodocomercio.com.br\/mix\/wp-json\/wp\/v2\/posts\/43568\/revisions"}],"predecessor-version":[{"id":43572,"href":"https:\/\/diariodocomercio.com.br\/mix\/wp-json\/wp\/v2\/posts\/43568\/revisions\/43572"}],"wp:featuredmedia":[{"embeddable":true,"href":"https:\/\/diariodocomercio.com.br\/mix\/wp-json\/wp\/v2\/media\/10053"}],"wp:attachment":[{"href":"https:\/\/diariodocomercio.com.br\/mix\/wp-json\/wp\/v2\/media?parent=43568"}],"wp:term":[{"taxonomy":"category","embeddable":true,"href":"https:\/\/diariodocomercio.com.br\/mix\/wp-json\/wp\/v2\/categories?post=43568"},{"taxonomy":"post_tag","embeddable":true,"href":"https:\/\/diariodocomercio.com.br\/mix\/wp-json\/wp\/v2\/tags?post=43568"}],"curies":[{"name":"wp","href":"https:\/\/api.w.org\/{rel}","templated":true}]}}