{"id":43573,"date":"2026-04-29T12:52:00","date_gmt":"2026-04-29T15:52:00","guid":{"rendered":"https:\/\/diariodocomercio.com.br\/mix\/?p=43573"},"modified":"2026-04-29T12:41:18","modified_gmt":"2026-04-29T15:41:18","slug":"inss-confirma-mudanca-que-afeta-todos-que-esperam-se-aposentar-neste-pais","status":"publish","type":"post","link":"https:\/\/diariodocomercio.com.br\/mix\/inss-confirma-mudanca-que-afeta-todos-que-esperam-se-aposentar-neste-pais\/","title":{"rendered":"INSS confirma mudan\u00e7a que afeta todos que esperam se aposentar neste pa\u00eds"},"content":{"rendered":"\n<p>O Instituto Nacional do Seguro Social (INSS) trouxe novidades significativas para a <strong>aposentadoria <\/strong>no Brasil. No dia 24 de abril de 2026, novas regras foram divulgadas. A medida foi oficializada pela Instru\u00e7\u00e3o Normativa n\u00ba 203, publicada no Di\u00e1rio Oficial da Uni\u00e3o (DOU).<\/p>\n\n\n\n<p>Essa medida visa otimizar os processos e reduzir o tempo de espera. Al\u00e9m disso, busca interditar a pr\u00e1tica de <strong>apresenta\u00e7\u00e3o de m\u00faltiplos pedidos <\/strong>para o mesmo benef\u00edcio enquanto o anterior est\u00e1 em an\u00e1lise.<\/p>\n\n\n\n<p>A implementa\u00e7\u00e3o dessas novas regras surgiu como uma resposta \u00e0 crescente demanda por celeridade nos processos administrativos do INSS. Antes da mudan\u00e7a, os segurados podiam submeter repetidos pedidos sem qualquer restri\u00e7\u00e3o. Esse procedimento resultava em retrabalho administrativo e atrasos substanciais na fila de an\u00e1lise.<\/p>\n\n\n\n<h2 class=\"wp-block-heading\">Impacto das novas regras<\/h2>\n\n\n\n<p>As altera\u00e7\u00f5es propostas trazem um impacto direto no volume de solicita\u00e7\u00f5es acumuladas. As novas regras exigem que, ap\u00f3s uma resposta negativa, o segurado aguarde um prazo de recurso de aproximadamente 30 dias antes de submeter um novo pedido.<\/p>\n\n\n\n<p>Esta mudan\u00e7a tem como objetivo evitar a sobrecarga do sistema, garantindo uma an\u00e1lise mais eficiente dos benef\u00edcios pendentes.<\/p>\n\n\n\n<p>Estima-se que, anteriormente, aproximadamente 41% dos pedidos fossem reapresentados em intervalos de 1 a 30 dias. Com a implementa\u00e7\u00e3o da nova normativa, a fila de solicita\u00e7\u00e3o que j\u00e1 alcan\u00e7ou 3,1 milh\u00f5es de processos foi reduzida para cerca de 2,7 milh\u00f5es. Espera-se que a medida melhore o fluxo e qualidade do atendimento aos segurados.<\/p>\n\n\n\n<p>Essa iniciativa do INSS faz parte de um esfor\u00e7o maior do governo brasileiro para reduzir o tempo de espera na an\u00e1lise de benef\u00edcios. O presidente Luiz In\u00e1cio Lula da Silva, por meio de seu minist\u00e9rio, comprometeu-se a eliminar a fila de espera do INSS.<\/p>\n\n\n\n<p>A nova lideran\u00e7a do INSS veio com a nomea\u00e7\u00e3o de Ana Cristina Silveira. Ela assumiu a presid\u00eancia em abril de 2026, trazendo uma nova abordagem para resolver os desafios estruturais do sistema.<\/p>\n","protected":false},"excerpt":{"rendered":"<p>Novas regras foram divulgadas. Veja o que mudou.<\/p>\n","protected":false},"author":12,"featured_media":10504,"comment_status":"closed","ping_status":"closed","sticky":false,"template":"","format":"standard","meta":{"jnews-multi-image_gallery":[],"jnews_single_post":{"format":"standard"},"jnews_primary_category":[],"jnews_social_meta":[],"jnews_override_counter":[],"jnews_post_split":[],"footnotes":""},"categories":[1],"tags":[],"class_list":["post-43573","post","type-post","status-publish","format-standard","has-post-thumbnail","hentry","category-geral"],"_referencia":"","_links":{"self":[{"href":"https:\/\/diariodocomercio.com.br\/mix\/wp-json\/wp\/v2\/posts\/43573","targetHints":{"allow":["GET"]}}],"collection":[{"href":"https:\/\/diariodocomercio.com.br\/mix\/wp-json\/wp\/v2\/posts"}],"about":[{"href":"https:\/\/diariodocomercio.com.br\/mix\/wp-json\/wp\/v2\/types\/post"}],"author":[{"embeddable":true,"href":"https:\/\/diariodocomercio.com.br\/mix\/wp-json\/wp\/v2\/users\/12"}],"replies":[{"embeddable":true,"href":"https:\/\/diariodocomercio.com.br\/mix\/wp-json\/wp\/v2\/comments?post=43573"}],"version-history":[{"count":2,"href":"https:\/\/diariodocomercio.com.br\/mix\/wp-json\/wp\/v2\/posts\/43573\/revisions"}],"predecessor-version":[{"id":43579,"href":"https:\/\/diariodocomercio.com.br\/mix\/wp-json\/wp\/v2\/posts\/43573\/revisions\/43579"}],"wp:featuredmedia":[{"embeddable":true,"href":"https:\/\/diariodocomercio.com.br\/mix\/wp-json\/wp\/v2\/media\/10504"}],"wp:attachment":[{"href":"https:\/\/diariodocomercio.com.br\/mix\/wp-json\/wp\/v2\/media?parent=43573"}],"wp:term":[{"taxonomy":"category","embeddable":true,"href":"https:\/\/diariodocomercio.com.br\/mix\/wp-json\/wp\/v2\/categories?post=43573"},{"taxonomy":"post_tag","embeddable":true,"href":"https:\/\/diariodocomercio.com.br\/mix\/wp-json\/wp\/v2\/tags?post=43573"}],"curies":[{"name":"wp","href":"https:\/\/api.w.org\/{rel}","templated":true}]}}