{"id":43577,"date":"2026-04-29T13:08:00","date_gmt":"2026-04-29T16:08:00","guid":{"rendered":"https:\/\/diariodocomercio.com.br\/mix\/?p=43577"},"modified":"2026-04-29T12:48:07","modified_gmt":"2026-04-29T15:48:07","slug":"documento-assinado-no-brasil-veta-fim-da-escala-6x1","status":"publish","type":"post","link":"https:\/\/diariodocomercio.com.br\/mix\/documento-assinado-no-brasil-veta-fim-da-escala-6x1\/","title":{"rendered":"Documento assinado no Brasil veta fim da escala 6&#215;1"},"content":{"rendered":"\n<p>Um documento entregue pela Confedera\u00e7\u00e3o Nacional da Ind\u00fastria ao presidente da C\u00e2mara, Hugo Motta, refor\u00e7ou a press\u00e3o do setor produtivo contra o fim da escala 6&#215;1 no Brasil. O texto, assinado por federa\u00e7\u00f5es estaduais, associa\u00e7\u00f5es e sindicatos industriais, manifesta preocupa\u00e7\u00e3o com o avan\u00e7o de propostas que reduzem a jornada de trabalho no pa\u00eds.<\/p>\n\n\n\n<p>No posicionamento, a entidade afirma que, embora o debate seja leg\u00edtimo, a mudan\u00e7a pode gerar \u201cimpactos severos\u201d sobre a economia, os investimentos e a gera\u00e7\u00e3o de empregos formais. Estimativas apresentadas indicam que a redu\u00e7\u00e3o da jornada poderia elevar os custos com trabalhadores em at\u00e9 R$ 267 bilh\u00f5es por ano.<\/p>\n\n\n\n<p>Apesar das cr\u00edticas da ind\u00fastria, an\u00e1lises t\u00e9cnicas apresentam vis\u00f5es distintas sobre os efeitos da medida. Um levantamento do Instituto de Pesquisa Econ\u00f4mica Aplicada aponta que a redu\u00e7\u00e3o da jornada poderia elevar o custo m\u00e9dio do trabalho em cerca de 7,84%, mas com impacto dilu\u00eddo em grande parte dos setores.<\/p>\n\n\n\n<p>Segundo o estudo, em \u00e1reas como ind\u00fastria e com\u00e9rcio, o aumento no custo operacional seria inferior a 1%, devido ao peso relativamente menor da m\u00e3o de obra no total de despesas. J\u00e1 setores mais intensivos em trabalho, como seguran\u00e7a e vigil\u00e2ncia, poderiam enfrentar impactos maiores.<\/p>\n\n\n\n<p>Outra an\u00e1lise, realizada pelo Banco Inter, indica poss\u00edvel redu\u00e7\u00e3o de at\u00e9 0,82% no Produto Interno Bruto (PIB) no m\u00e9dio prazo, embora reconhe\u00e7a que ganhos de produtividade podem compensar parte das perdas.<\/p>\n\n\n\n<h2 class=\"wp-block-heading\"><strong>Debate envolve produtividade e emprego<\/strong><\/h2>\n\n\n\n<p>Especialistas destacam que mudan\u00e7as na jornada n\u00e3o necessariamente resultam em queda no emprego, citando exemplos hist\u00f3ricos de reajustes do sal\u00e1rio m\u00ednimo e altera\u00e7\u00f5es na legisla\u00e7\u00e3o trabalhista que n\u00e3o provocaram retra\u00e7\u00e3o no mercado.<\/p>\n\n\n\n<p>Ao mesmo tempo, o setor produtivo defende cautela e maior debate antes da implementa\u00e7\u00e3o de mudan\u00e7as estruturais, especialmente diante das diferen\u00e7as entre segmentos econ\u00f4micos.<\/p>\n\n\n\n<h2 class=\"wp-block-heading\"><strong>Tramita\u00e7\u00e3o na C\u00e2mara<\/strong><\/h2>\n\n\n\n<p>A expectativa da presid\u00eancia da C\u00e2mara \u00e9 que o tema avance nas pr\u00f3ximas semanas, com possibilidade de vota\u00e7\u00e3o ainda neste semestre.<\/p>\n\n\n\n<p>A discuss\u00e3o ocorre paralelamente ao andamento de propostas no Legislativo. A C\u00e2mara dos Deputados instalou uma comiss\u00e3o especial para analisar medidas que tratam do fim da escala 6&#215;1, incluindo projetos de diferentes autores.<\/p>\n\n\n\n<p>Entre eles, est\u00e3o a proposta da deputada Erika Hilton, que prev\u00ea jornada de 36 horas semanais com modelo 4&#215;3, e a do deputado Reginaldo Lopes, que prop\u00f5e redu\u00e7\u00e3o gradual ao longo de dez anos. O governo tamb\u00e9m apresentou um projeto para limitar a jornada a 40 horas semanais.<\/p>\n","protected":false},"excerpt":{"rendered":"<p>Um documento entregue pela Confedera\u00e7\u00e3o Nacional da Ind\u00fastria ao presidente da C\u00e2mara, Hugo Motta, refor\u00e7ou a press\u00e3o do setor produtivo contra o fim da escala 6&#215;1 no Brasil. O texto, assinado por federa\u00e7\u00f5es estaduais, associa\u00e7\u00f5es e sindicatos industriais, manifesta preocupa\u00e7\u00e3o com o avan\u00e7o de propostas que reduzem a jornada de trabalho no pa\u00eds. No posicionamento, [&hellip;]<\/p>\n","protected":false},"author":9,"featured_media":43578,"comment_status":"closed","ping_status":"closed","sticky":false,"template":"","format":"standard","meta":{"jnews-multi-image_gallery":[],"jnews_single_post":{"format":"standard"},"jnews_primary_category":[],"jnews_social_meta":[],"jnews_override_counter":[],"jnews_post_split":[],"footnotes":""},"categories":[1],"tags":[],"class_list":["post-43577","post","type-post","status-publish","format-standard","has-post-thumbnail","hentry","category-geral"],"_referencia":"","_links":{"self":[{"href":"https:\/\/diariodocomercio.com.br\/mix\/wp-json\/wp\/v2\/posts\/43577","targetHints":{"allow":["GET"]}}],"collection":[{"href":"https:\/\/diariodocomercio.com.br\/mix\/wp-json\/wp\/v2\/posts"}],"about":[{"href":"https:\/\/diariodocomercio.com.br\/mix\/wp-json\/wp\/v2\/types\/post"}],"author":[{"embeddable":true,"href":"https:\/\/diariodocomercio.com.br\/mix\/wp-json\/wp\/v2\/users\/9"}],"replies":[{"embeddable":true,"href":"https:\/\/diariodocomercio.com.br\/mix\/wp-json\/wp\/v2\/comments?post=43577"}],"version-history":[{"count":1,"href":"https:\/\/diariodocomercio.com.br\/mix\/wp-json\/wp\/v2\/posts\/43577\/revisions"}],"predecessor-version":[{"id":43580,"href":"https:\/\/diariodocomercio.com.br\/mix\/wp-json\/wp\/v2\/posts\/43577\/revisions\/43580"}],"wp:featuredmedia":[{"embeddable":true,"href":"https:\/\/diariodocomercio.com.br\/mix\/wp-json\/wp\/v2\/media\/43578"}],"wp:attachment":[{"href":"https:\/\/diariodocomercio.com.br\/mix\/wp-json\/wp\/v2\/media?parent=43577"}],"wp:term":[{"taxonomy":"category","embeddable":true,"href":"https:\/\/diariodocomercio.com.br\/mix\/wp-json\/wp\/v2\/categories?post=43577"},{"taxonomy":"post_tag","embeddable":true,"href":"https:\/\/diariodocomercio.com.br\/mix\/wp-json\/wp\/v2\/tags?post=43577"}],"curies":[{"name":"wp","href":"https:\/\/api.w.org\/{rel}","templated":true}]}}