{"id":43581,"date":"2026-04-29T13:48:00","date_gmt":"2026-04-29T16:48:00","guid":{"rendered":"https:\/\/diariodocomercio.com.br\/mix\/?p=43581"},"modified":"2026-04-29T13:30:52","modified_gmt":"2026-04-29T16:30:52","slug":"lei-ja-esta-em-vigor-e-reajuste-de-53-e-confirmado-em-salario-no-brasil","status":"publish","type":"post","link":"https:\/\/diariodocomercio.com.br\/mix\/lei-ja-esta-em-vigor-e-reajuste-de-53-e-confirmado-em-salario-no-brasil\/","title":{"rendered":"Lei j\u00e1 est\u00e1 em vigor e reajuste de 5,3% \u00e9 confirmado em sal\u00e1rio no Brasil"},"content":{"rendered":"\n<p>A Assembleia Legislativa da Bahia aprovou um projeto de lei que garante reajuste salarial de 5,3% para professores da rede p\u00fablica estadual. A medida, j\u00e1 em vigor, ser\u00e1 aplicada de forma escalonada ao longo de 2026 e assegura vencimentos superiores ao piso nacional da categoria.<\/p>\n\n\n\n<p>De acordo com o texto aprovado, o aumento ser\u00e1 dividido em duas etapas. A primeira prev\u00ea recomposi\u00e7\u00e3o de 3,3% sobre os sal\u00e1rios praticados anteriormente, com efeito retroativo ao in\u00edcio de 2026. A segunda parcela, de 2%, ser\u00e1 incorporada a partir do meio do ano, consolidando o reajuste total.<\/p>\n\n\n\n<p>Com a atualiza\u00e7\u00e3o, o sal\u00e1rio base dos docentes com jornada de 40 horas semanais ultrapassa o piso nacional estipulado em R$ 5.130,64, alcan\u00e7ando cerca de R$ 5.233,26 ap\u00f3s a aplica\u00e7\u00e3o integral do aumento. A iniciativa beneficia mais de 45 mil profissionais, entre ativos e aposentados, incluindo professores do Ensino Fundamental, M\u00e9dio e da educa\u00e7\u00e3o ind\u00edgena.<\/p>\n\n\n\n<p>O governo estadual estima impacto financeiro de aproximadamente R$ 276 milh\u00f5es em 2026. A proposta faz parte de um acordo firmado com a categoria e integra uma pol\u00edtica cont\u00ednua de valoriza\u00e7\u00e3o do magist\u00e9rio p\u00fablico.<\/p>\n\n\n\n<p>Segundo a gest\u00e3o estadual, o objetivo \u00e9 garantir remunera\u00e7\u00e3o competitiva dentro das limita\u00e7\u00f5es or\u00e7ament\u00e1rias, al\u00e9m de contribuir para a redu\u00e7\u00e3o das desigualdades regionais na carreira docente.<\/p>\n\n\n\n<p>Levantamentos nacionais mostram que os sal\u00e1rios de professores variam significativamente entre os estados. Em 2025, a remunera\u00e7\u00e3o inicial m\u00e9dia nas redes estaduais foi de R$ 6.212,36 para jornadas de 40 horas semanais, mas com diferen\u00e7as expressivas: enquanto algumas unidades federativas pagam acima de R$ 13 mil no in\u00edcio da carreira, outras permanecem abaixo do piso nacional.<\/p>\n\n\n\n<h2 class=\"wp-block-heading\"><strong>Compara\u00e7\u00e3o nacional exp\u00f5e desigualdades<\/strong><\/h2>\n\n\n\n<p>Apesar do avan\u00e7o registrado na Bahia, os dados nacionais mostram que a remunera\u00e7\u00e3o de professores varia significativamente entre os estados. Levantamento recente aponta que o sal\u00e1rio inicial m\u00e9dio no pa\u00eds gira em torno de R$ 6.212,36 para jornadas de 40 horas semanais, valor superior ao piso nacional.<\/p>\n\n\n\n<p>No entanto, h\u00e1 disparidades expressivas. Em estados como Mato Grosso do Sul, a remunera\u00e7\u00e3o inicial pode ultrapassar R$ 13 mil, enquanto em unidades como o Rio de Janeiro o valor fica abaixo de R$ 5 mil, pr\u00f3ximo ao piso nacional.<\/p>\n\n\n\n<p>Al\u00e9m do sal\u00e1rio-base, gratifica\u00e7\u00f5es e benef\u00edcios, que podem chegar a cerca de 180 tipos diferentes, influenciam diretamente o rendimento final dos professores. Esses adicionais, por\u00e9m, nem sempre s\u00e3o incorporados \u00e0 aposentadoria, o que impacta o planejamento financeiro de longo prazo da categoria.<\/p>\n","protected":false},"excerpt":{"rendered":"<p>A Assembleia Legislativa da Bahia aprovou um projeto de lei que garante reajuste salarial de 5,3% para professores da rede p\u00fablica estadual. A medida, j\u00e1 em vigor, ser\u00e1 aplicada de forma escalonada ao longo de 2026 e assegura vencimentos superiores ao piso nacional da categoria. De acordo com o texto aprovado, o aumento ser\u00e1 dividido [&hellip;]<\/p>\n","protected":false},"author":9,"featured_media":5571,"comment_status":"closed","ping_status":"closed","sticky":false,"template":"","format":"standard","meta":{"jnews-multi-image_gallery":[],"jnews_single_post":{"format":"standard"},"jnews_primary_category":[],"jnews_social_meta":[],"jnews_override_counter":[],"jnews_post_split":[],"footnotes":""},"categories":[1],"tags":[],"class_list":["post-43581","post","type-post","status-publish","format-standard","has-post-thumbnail","hentry","category-geral"],"_referencia":"","_links":{"self":[{"href":"https:\/\/diariodocomercio.com.br\/mix\/wp-json\/wp\/v2\/posts\/43581","targetHints":{"allow":["GET"]}}],"collection":[{"href":"https:\/\/diariodocomercio.com.br\/mix\/wp-json\/wp\/v2\/posts"}],"about":[{"href":"https:\/\/diariodocomercio.com.br\/mix\/wp-json\/wp\/v2\/types\/post"}],"author":[{"embeddable":true,"href":"https:\/\/diariodocomercio.com.br\/mix\/wp-json\/wp\/v2\/users\/9"}],"replies":[{"embeddable":true,"href":"https:\/\/diariodocomercio.com.br\/mix\/wp-json\/wp\/v2\/comments?post=43581"}],"version-history":[{"count":1,"href":"https:\/\/diariodocomercio.com.br\/mix\/wp-json\/wp\/v2\/posts\/43581\/revisions"}],"predecessor-version":[{"id":43586,"href":"https:\/\/diariodocomercio.com.br\/mix\/wp-json\/wp\/v2\/posts\/43581\/revisions\/43586"}],"wp:featuredmedia":[{"embeddable":true,"href":"https:\/\/diariodocomercio.com.br\/mix\/wp-json\/wp\/v2\/media\/5571"}],"wp:attachment":[{"href":"https:\/\/diariodocomercio.com.br\/mix\/wp-json\/wp\/v2\/media?parent=43581"}],"wp:term":[{"taxonomy":"category","embeddable":true,"href":"https:\/\/diariodocomercio.com.br\/mix\/wp-json\/wp\/v2\/categories?post=43581"},{"taxonomy":"post_tag","embeddable":true,"href":"https:\/\/diariodocomercio.com.br\/mix\/wp-json\/wp\/v2\/tags?post=43581"}],"curies":[{"name":"wp","href":"https:\/\/api.w.org\/{rel}","templated":true}]}}