{"id":43589,"date":"2026-04-29T14:35:00","date_gmt":"2026-04-29T17:35:00","guid":{"rendered":"https:\/\/diariodocomercio.com.br\/mix\/?p=43589"},"modified":"2026-04-29T13:53:41","modified_gmt":"2026-04-29T16:53:41","slug":"enquanto-veio-da-havan-tem-fortuna-de-r-114-bilhoes-homem-mais-rico-do-brasil-tem-muito-mais","status":"publish","type":"post","link":"https:\/\/diariodocomercio.com.br\/mix\/enquanto-veio-da-havan-tem-fortuna-de-r-114-bilhoes-homem-mais-rico-do-brasil-tem-muito-mais\/","title":{"rendered":"Enquanto V\u00e9io da Havan tem fortuna de R$ 11,4 bilh\u00f5es, homem mais rico do Brasil tem muito mais"},"content":{"rendered":"\n<p>O empres\u00e1rio Luciano Hang, conhecido como \u201cV\u00e9io da Havan\u201d, voltou a aparecer entre os bilion\u00e1rios do mundo em 2026, segundo levantamento da Forbes. Com patrim\u00f4nio estimado em US$ 2,3 bilh\u00f5es (cerca de R$ 12,6 bilh\u00f5es), ele ocupa a 1.834\u00aa posi\u00e7\u00e3o no ranking global, em um cen\u00e1rio de expans\u00e3o significativa das grandes fortunas.<\/p>\n\n\n\n<p>A lista deste ano re\u00fane 3.428 bilion\u00e1rios, n\u00famero recorde, com riqueza total estimada em US$ 20,1 trilh\u00f5es, cerca de US$ 4 trilh\u00f5es a mais do que no ano anterior. O crescimento reflete a valoriza\u00e7\u00e3o de ativos, empresas e investimentos em diferentes setores da economia global.<\/p>\n\n\n\n<p>A fortuna de Hang est\u00e1 diretamente ligada \u00e0 expans\u00e3o da Havan, uma das maiores redes varejistas do pa\u00eds. A empresa soma cerca de 22 mil funcion\u00e1rios e movimenta aproximadamente R$ 50 milh\u00f5es por dia, o que equivale a um faturamento anual pr\u00f3ximo de R$ 18 bilh\u00f5es.<\/p>\n\n\n\n<p>Dados recentes apontam que a companhia manteve crescimento relevante em 2025, com receita l\u00edquida de R$ 13,7 bilh\u00f5es \u2014 alta de 17,1% na compara\u00e7\u00e3o anual. O EBITDA chegou a R$ 3 bilh\u00f5es, avan\u00e7o de 7,9%. Apesar disso, houve compress\u00e3o de margens, com recuo de 1,9 ponto percentual, refletindo aumento de custos e mudan\u00e7as no mix de vendas.<\/p>\n\n\n\n<p>Na avalia\u00e7\u00e3o de analistas do mercado financeiro, a empresa apresenta perfil de risco baixo e gera\u00e7\u00e3o consistente de caixa, o que sustenta sua capacidade de expans\u00e3o sem necessidade imediata de aumento de endividamento.<\/p>\n\n\n\n<h2 class=\"wp-block-heading\"><strong>Homem mais rico do Brasil amplia dist\u00e2ncia<\/strong><\/h2>\n\n\n\n<p>Se Hang figura entre os bilion\u00e1rios globais, a lideran\u00e7a brasileira segue com Eduardo Saverin, cuja fortuna \u00e9 estimada em US$ 35,9 bilh\u00f5es, valor muito superior ao patrim\u00f4nio do dono da Havan.<\/p>\n\n\n\n<p>Saverin construiu sua riqueza a partir da participa\u00e7\u00e3o na cria\u00e7\u00e3o do Facebook, ao lado de Mark Zuckerberg. O brasileiro foi respons\u00e1vel pelo investimento inicial da plataforma, lan\u00e7ada em 2004, e viu seu patrim\u00f4nio crescer de forma significativa ap\u00f3s a abertura de capital da empresa.<\/p>\n\n\n<div class=\"wp-block-image\">\n<figure class=\"aligncenter size-full\"><img decoding=\"async\" width=\"1024\" height=\"615\" src=\"https:\/\/diariodocomercio.com.br\/mix\/wp-content\/uploads\/2025\/12\/image-254.png\" alt=\"eduardo saverin\" class=\"wp-image-29953\" srcset=\"https:\/\/diariodocomercio.com.br\/mix\/wp-content\/uploads\/2025\/12\/image-254.png 1024w, https:\/\/diariodocomercio.com.br\/mix\/wp-content\/uploads\/2025\/12\/image-254-300x180.png 300w, https:\/\/diariodocomercio.com.br\/mix\/wp-content\/uploads\/2025\/12\/image-254-768x461.png 768w, https:\/\/diariodocomercio.com.br\/mix\/wp-content\/uploads\/2025\/12\/image-254-150x90.png 150w, https:\/\/diariodocomercio.com.br\/mix\/wp-content\/uploads\/2025\/12\/image-254-750x450.png 750w\" sizes=\"(max-width: 1024px) 100vw, 1024px\" \/><figcaption class=\"wp-element-caption\">(Reprodu\u00e7\u00e3o\/Linkedin)<\/figcaption><\/figure>\n<\/div>\n\n\n<p>Atualmente radicado em Singapura, ele tamb\u00e9m atua como cofundador da B. Capital, focada em investimentos em startups e neg\u00f3cios inovadores, setor conhecido por alto potencial de retorno.<\/p>\n\n\n\n<p>A diferen\u00e7a entre os patrim\u00f4nios evidencia n\u00e3o apenas trajet\u00f3rias distintas, mas tamb\u00e9m o peso de setores econ\u00f4micos diversos. Enquanto Hang construiu sua riqueza no varejo f\u00edsico, Saverin se beneficiou da expans\u00e3o global da tecnologia e do mercado digital, que lidera a gera\u00e7\u00e3o de bilion\u00e1rios no mundo.<\/p>\n","protected":false},"excerpt":{"rendered":"<p>O empres\u00e1rio Luciano Hang, conhecido como \u201cV\u00e9io da Havan\u201d, voltou a aparecer entre os bilion\u00e1rios do mundo em 2026, segundo levantamento da Forbes. Com patrim\u00f4nio estimado em US$ 2,3 bilh\u00f5es (cerca de R$ 12,6 bilh\u00f5es), ele ocupa a 1.834\u00aa posi\u00e7\u00e3o no ranking global, em um cen\u00e1rio de expans\u00e3o significativa das grandes fortunas. A lista deste [&hellip;]<\/p>\n","protected":false},"author":9,"featured_media":6535,"comment_status":"closed","ping_status":"closed","sticky":false,"template":"","format":"standard","meta":{"jnews-multi-image_gallery":[],"jnews_single_post":{"format":"standard"},"jnews_primary_category":[],"jnews_social_meta":[],"jnews_override_counter":[],"jnews_post_split":[],"footnotes":""},"categories":[1],"tags":[],"class_list":["post-43589","post","type-post","status-publish","format-standard","has-post-thumbnail","hentry","category-geral"],"_referencia":"","_links":{"self":[{"href":"https:\/\/diariodocomercio.com.br\/mix\/wp-json\/wp\/v2\/posts\/43589","targetHints":{"allow":["GET"]}}],"collection":[{"href":"https:\/\/diariodocomercio.com.br\/mix\/wp-json\/wp\/v2\/posts"}],"about":[{"href":"https:\/\/diariodocomercio.com.br\/mix\/wp-json\/wp\/v2\/types\/post"}],"author":[{"embeddable":true,"href":"https:\/\/diariodocomercio.com.br\/mix\/wp-json\/wp\/v2\/users\/9"}],"replies":[{"embeddable":true,"href":"https:\/\/diariodocomercio.com.br\/mix\/wp-json\/wp\/v2\/comments?post=43589"}],"version-history":[{"count":1,"href":"https:\/\/diariodocomercio.com.br\/mix\/wp-json\/wp\/v2\/posts\/43589\/revisions"}],"predecessor-version":[{"id":43590,"href":"https:\/\/diariodocomercio.com.br\/mix\/wp-json\/wp\/v2\/posts\/43589\/revisions\/43590"}],"wp:featuredmedia":[{"embeddable":true,"href":"https:\/\/diariodocomercio.com.br\/mix\/wp-json\/wp\/v2\/media\/6535"}],"wp:attachment":[{"href":"https:\/\/diariodocomercio.com.br\/mix\/wp-json\/wp\/v2\/media?parent=43589"}],"wp:term":[{"taxonomy":"category","embeddable":true,"href":"https:\/\/diariodocomercio.com.br\/mix\/wp-json\/wp\/v2\/categories?post=43589"},{"taxonomy":"post_tag","embeddable":true,"href":"https:\/\/diariodocomercio.com.br\/mix\/wp-json\/wp\/v2\/tags?post=43589"}],"curies":[{"name":"wp","href":"https:\/\/api.w.org\/{rel}","templated":true}]}}