{"id":43600,"date":"2026-04-29T18:59:52","date_gmt":"2026-04-29T21:59:52","guid":{"rendered":"https:\/\/diariodocomercio.com.br\/mix\/?p=43600"},"modified":"2026-04-29T18:59:54","modified_gmt":"2026-04-29T21:59:54","slug":"governo-decide-adiar-e-alunos-que-vao-fazer-o-enem-sao-avisados","status":"publish","type":"post","link":"https:\/\/diariodocomercio.com.br\/mix\/governo-decide-adiar-e-alunos-que-vao-fazer-o-enem-sao-avisados\/","title":{"rendered":"Governo decide adiar e alunos que v\u00e3o fazer o Enem s\u00e3o avisados"},"content":{"rendered":"\n<p>Se voc\u00ea vai fazer o Enem (Exame Nacional do Ensino M\u00e9dio) este ano, ent\u00e3o fique atento. O Instituto Nacional de Estudos e Pesquisas Educacionais An\u00edsio Teixeira (Inep), respons\u00e1vel por organizar o exame, que \u00e9 a principal porta de entrada para o ensino superior no pa\u00eds, decidiu esticar um pouco o prazo para quem quiser pedir a isen\u00e7\u00e3o da taxa de inscri\u00e7\u00e3o do exame. O prazo terminava na sexta-feira passada (24), mas agora vai at\u00e9 esta quinta (30).<\/p>\n\n\n\n<p>Este ano, a taxa de inscri\u00e7\u00e3o do Enem \u00e9 de R$ 85. Para ter direito \u00e0 isen\u00e7\u00e3o, voc\u00ea precisa se encaixar nos seguintes crit\u00e9rios, de acordo com o edital do exame:<\/p>\n\n\n\n<ol class=\"wp-block-list\">\n<li>Estar cursando o \u00faltimo ano do ensino m\u00e9dio em 2026, em qualquer modalidade de ensino, em escola da rede p\u00fablica declarada ao Censo Escolar da Educa\u00e7\u00e3o B\u00e1sica;<\/li>\n\n\n\n<li>Ter cursado todo o ensino m\u00e9dio em escola da rede p\u00fablica ou como bolsista integral em escola privada e ter renda per capital igual ou inferior a um sal\u00e1rio m\u00ednimo e meio (R$ 2.431,50 em 2026);<\/li>\n\n\n\n<li>Declarar situa\u00e7\u00e3o de vulnerabilidade socioecon\u00f4mica como membro de fam\u00edlia de baixa inscrito no Cad\u00danico.<\/li>\n<\/ol>\n\n\n\n<h2 class=\"wp-block-heading\">Enem 2026: como solicitar a isen\u00e7\u00e3o na taxa de inscri\u00e7\u00e3o<\/h2>\n\n\n\n<ol class=\"wp-block-list\">\n<li>Acesse a sua p\u00e1gina do participante no Inep, clicando no bot\u00e3o justificativa de aus\u00eancia\/isen\u00e7\u00e3o;<\/li>\n\n\n\n<li>Depois de responder o desafio de autentica\u00e7\u00e3o, informe seus dados pessoais;<\/li>\n\n\n\n<li>Iniciar justifica\u00e7\u00e3o de aus\u00eancia\/isen\u00e7\u00e3o;<\/li>\n\n\n\n<li>A tela seguinte tem os crit\u00e9rios de isen\u00e7\u00e3o. Clique em \u201cli e concordo\u201d e em \u201cpr\u00f3ximo\u201d;<\/li>\n\n\n\n<li>Confira se os seus dados est\u00e3o de acordo com o cadastro na Receita Federal;<\/li>\n\n\n\n<li>Preencha o CEP e complete as informa\u00e7\u00f5es do seu endere\u00e7o. Se voc\u00ea faltou ao Enem 2025, justifique sua aus\u00eancia enviando a documenta\u00e7\u00e3o solicitada;<\/li>\n\n\n\n<li>Informe o tipo de escola que voc\u00ea frequentou, insira o seu NIS (N\u00famero de Identifica\u00e7\u00e3o Social) se tiver e responda ao question\u00e1rio socioecon\u00f4mico;<\/li>\n\n\n\n<li>Informe os seus dados solicitados e termine com \u201cenviar solicita\u00e7\u00e3o\u201d;<\/li>\n\n\n\n<li>Voc\u00ea vai descobrir se o seu pedido foi aceito no dia 22 de maio.<\/li>\n<\/ol>\n\n\n\n<style>@media (min-width: 992px) {\n    .recomendadorV2Area1 {\n        width: 280px;\n    }\n    .recomendadorV2Area2 {\n        padding: 0px 20px;\n        width: calc(100% - 280px);\n    }\n}\n\n@media (max-width: 992px) {\n    .recomendadorV2Button {\n        margin: 0 auto;\n    }\n    .recomendadorV2Area {\n        flex-direction: column;\n        text-align: center;\n    }\n    .recomendadorV2Area2 {\n        padding: 0px 20px;\n    }\n}\n\n.recomendadorV2Area {\n    background: #eeeeee3d;\n    border-radius: 10px;\n    padding: 15px;\n    display: flex;\n    margin: 15px auto;\n    border: 1px solid #00000014;\n    max-width: 800px;\n}\n\n.recomendadorV2Area1 img {\n    width: 280px;\n    height: auto;\n    border-radius: 8px;\n}\n\n.linkrecomendadorv2 {\n    text-decoration: none !important;\n}\n\n.recomendadorV2Area2 .recomendadorV2Type {\n    text-transform: uppercase;\n    font-weight: 500;\n    font-size: 11px;\n    letter-spacing: 2px;\n    color: #666;\n    margin: 12px 0;\n    display: block;\n}\n\n.recomendadorV2Title h2 {\n    padding-top: 0px !important;\n    margin: 0px !important;\n    border-left: none !important;\n    padding-left: 0px !important;\n    line-height: 1.3;\n    color: #000 !important;\n    font-size: 24px;\n    margin-bottom: 12px !important;\n}\n\n.recomendadorV2Desc {\n    color: #333;\n    margin: 12px 0px !important;\n    font-size: 15px;\n    line-height: 1.5;\n}\n\n.recomendadorV2Button {\n    width: auto;\n    max-width: 200px;\n    margin: 0;\n    display: inline-flex;\n    align-items: center;\n    background: #1D3557;\n    border-radius: 8px;\n    color: #fff;\n    height: 36px;\n    justify-content: center;\n    text-align: center;\n    font-size: 14px;\n    padding: 0 20px;\n    transition: background-color 0.2s ease;\n}\n\n.recomendadorV2Button:hover {\n    background: #2a4d7a;\n}\n\n.recomendadorV2Button:after {\n    margin-top: -2px;\n    content: \"\u2192\";\n    padding: 0px 0px 0px 8px;\n}\n\n.recomendadorV2Alert {\n    text-align: left;\n    font-size: 11px;\n    margin-top: 8px;\n    color: #666;\n}\n\n.recomendadorFixedArea {\n    width: 100%;\n    display: flex;\n    justify-content: center;\n    align-items: center;\n}\n\n@media (min-width: 992px) {\n    #recomendadorFixed {\n        width: 32% !important;\n        left: 5%;\n    }\n    .recomendadorCloseFixed{\n        right: inherit !important;\n        left: 378px !important;\n    }\n}\n\n#recomendadorFixed {\n    width: 90%;\n    box-shadow: 0 10px 20px 0px #00000057;\n    display: none;\n    height: 90px;\n    background: #F6F6F6;\n    position: fixed;\n    flex-direction: row;\n    bottom: 10px;\n    z-index: 9999;\n    border-radius: 16px;\n    padding: 7px 10px;\n}\n\n.recomendadorLeftArea {\n    width: 160px;\n}\n\n.recomendadorRightArea h2 {\n    padding-top: 0px;\n    margin: 2px 0px 4px 0px !important;\n    font-weight: 400;\n    text-align: center;\n    padding-left: 0px !important;\n    color: #000 !important;\n    border-left: none !important;\n    line-height: 20px;\n    font-size: 12px !important;\n}\n\n.recomendadorImgFixed {\n    overflow: hidden;\n    padding: 8px 6px;\n    height: 100%;\n}\n\n.recomendadorImgFixed img {\n    height: 100% !important;\n    border-radius: 16px;\n}\n\n.recomendadorRightArea {\n    padding-top: 6px;\n    display: flex;\n    width: calc(100% - 130px);\n    justify-content: space-between;\n    align-items: center;\n    flex-direction: column;\n}\n\n.recomendadorButtonFixed {\n    margin: 0 auto;\n    background: #1D3557;\n    width: 80%;\n    text-align: center;\n    font-size: 10px;\n    color: #FFF;\n    padding: 2px 10px;\n    border-radius: 3px;\n}\n\n.recomendadorButtonFixed:after {\n    margin-top: -3px;\n    content: \"\u2192\";\n    padding: 0px 0px 0px 10px;\n}\n\n.recomendadorAlertFixed {\n    font-weight: 400;\n    text-align: center;\n    color: #484848;\n    font-size: 8px;\n}\n\n.recomendadorCloseFixed {\n    z-index: 99999;\n    display: none;\n    right: 0px;\n    left: inherit;\n    bottom: 99px;\n    position: fixed;\n    justify-content: center;\n    background: #F6F6F6;\n    width: 25px;\n    align-items: center;\n    height: 25px;\n    font-weight: 800;\n    border-radius: 50%;\n    border: 1px solid #EBEBEB;\n}\n\n.recomendadorV2Desc{\n    color: #000000;\n    margin: 20px 0px;\n}\n\n@media (max-width: 576px) {\n    .recomendadorV2Area {\n      padding: 10px;\n      max-width: 100%;\n    }\n  \n    .recomendadorV2Area1 img {\n      width: 100%;\n      border-radius: 6px;\n    }\n  \n    .recomendadorV2Area2 .recomendadorV2Type {\n      font-size: 9px;\n      letter-spacing: 1px;\n      margin: 8px 0;\n    }\n  \n    .recomendadorV2Title h2 {\n      font-size: 18px !important;\n      margin-bottom: 8px !important;\n      line-height: 1.2;\n    }\n  \n    .recomendadorV2Desc {\n      font-size: 14px;\n      margin: 8px 0 !important;\n      line-height: 1.4;\n    }\n  \n    .recomendadorV2Button {\n      font-size: 14px;\n      height: 40px;\n      padding: 0 12px;\n      max-width: 100%;\n      width: 100%;\n    }\n  \n    .recomendadorV2Button:after {\n      padding-left: 6px;\n    }\n  }\n  <\/style>\n        <div class=\"lazyblock-recomendador-v2-2jDGz wp-block-lazyblock-recomendador-v2\">\n        <a class=\"linkrecomendadorv2\" href=\"https:\/\/diariodocomercio.com.br\/mix\/demorei-muito-para-entender-por-que-nao-deveria-colocar-esses-6-alimentos-na-air-fryer\/\">\n            <div class=\"recomendadorV2Area\">\n            <div class=\"recomendadorV2Area1\">\n                <div class=\"recomendadorV2Img\">\n                <img class=\"lazyloaded\" decoding=\"async\" src=\"https:\/\/diariodocomercio.com.br\/mix\/wp-content\/uploads\/2025\/01\/air-fryer.jpg\" data-src=\"https:\/\/diariodocomercio.com.br\/mix\/wp-content\/uploads\/2025\/01\/air-fryer.jpg\" alt=\"\">\n                <\/div>\n            <\/div>\n            <div class=\"recomendadorV2Area2\">\n                <div class=\"recomendadorV2Type\">\n                    <span>CASA<\/span>\n                <\/div>\n                <div class=\"recomendadorV2Title\">\n                <h2><span>Demorei muito para entender por que n\u00e3o deveria colocar esses 6 alimentos na air fryer<\/span><\/h2>\n                <\/div>\n                <div class=\"recomendadorV2Desc\">\n                <span>Al\u00e9m da praticidade e do fato de n\u00e3o precisar de \u00f3leo para fritar os alimentos, um dos pontos que tornam \u2026<\/span>\n                <\/div>\n                <div class=\"recomendadorV2Button\">Leia mais<\/div>\n                <div class=\"recomendadorV2Alert\"><\/div>\n            <\/div>\n            <\/div>\n        <\/a>\n        <div>\n            <div style=\"z-index:99999;\" id=\"buttonClose\" onclick=\"closeRecomendadorFixed()\">\n            <div class=\"recomendadorCloseFixed\">X<\/div>\n            <\/div>\n            <a href=\"https:\/\/diariodocomercio.com.br\/mix\/demorei-muito-para-entender-por-que-nao-deveria-colocar-esses-6-alimentos-na-air-fryer\/\">\n            <div class=\"recomendadorFixedArea\">\n                <div id=\"recomendadorFixed\">\n                <div class=\"recomendadorLeftArea\">\n                    <div class=\"recomendadorImgFixed\">\n                    <img class=\"lazyload\" decoding=\"async\" src=\"https:\/\/diariodocomercio.com.br\/mix\/wp-content\/uploads\/2025\/01\/air-fryer.jpg\" alt=\"\">\n                    <\/div>\n                <\/div>\n                <div class=\"recomendadorRightArea\">\n                    <div class=\"recomendadorTitleFixed\">\n                    <h2><span>Demorei muito para entender por que n\u00e3o deveria colocar esses 6 alimentos na air fryer<\/span><\/h2>\n                    <\/div>\n                    <div class=\"recomendadorButtonFixed\">Leia mais<\/div>\n                    <div class=\"recomendadorAlertFixed\"><\/div>\n                <\/div>\n                <\/div>\n            <\/div>\n            <\/a>\n        <\/div>\n        <\/div>\n","protected":false},"excerpt":{"rendered":"<p>Se voc\u00ea vai fazer o Enem (Exame Nacional do Ensino M\u00e9dio) este ano, ent\u00e3o fique atento. O Instituto Nacional de Estudos e Pesquisas Educacionais An\u00edsio Teixeira (Inep), respons\u00e1vel por organizar o exame, que \u00e9 a principal porta de entrada para o ensino superior no pa\u00eds, decidiu esticar um pouco o prazo para quem quiser pedir [&hellip;]<\/p>\n","protected":false},"author":6,"featured_media":43641,"comment_status":"closed","ping_status":"closed","sticky":false,"template":"","format":"standard","meta":{"jnews-multi-image_gallery":[],"jnews_single_post":{"format":"standard"},"jnews_primary_category":[],"jnews_social_meta":[],"jnews_override_counter":[],"jnews_post_split":[],"footnotes":""},"categories":[1],"tags":[],"class_list":["post-43600","post","type-post","status-publish","format-standard","has-post-thumbnail","hentry","category-geral"],"_referencia":"","_links":{"self":[{"href":"https:\/\/diariodocomercio.com.br\/mix\/wp-json\/wp\/v2\/posts\/43600","targetHints":{"allow":["GET"]}}],"collection":[{"href":"https:\/\/diariodocomercio.com.br\/mix\/wp-json\/wp\/v2\/posts"}],"about":[{"href":"https:\/\/diariodocomercio.com.br\/mix\/wp-json\/wp\/v2\/types\/post"}],"author":[{"embeddable":true,"href":"https:\/\/diariodocomercio.com.br\/mix\/wp-json\/wp\/v2\/users\/6"}],"replies":[{"embeddable":true,"href":"https:\/\/diariodocomercio.com.br\/mix\/wp-json\/wp\/v2\/comments?post=43600"}],"version-history":[{"count":2,"href":"https:\/\/diariodocomercio.com.br\/mix\/wp-json\/wp\/v2\/posts\/43600\/revisions"}],"predecessor-version":[{"id":43646,"href":"https:\/\/diariodocomercio.com.br\/mix\/wp-json\/wp\/v2\/posts\/43600\/revisions\/43646"}],"wp:featuredmedia":[{"embeddable":true,"href":"https:\/\/diariodocomercio.com.br\/mix\/wp-json\/wp\/v2\/media\/43641"}],"wp:attachment":[{"href":"https:\/\/diariodocomercio.com.br\/mix\/wp-json\/wp\/v2\/media?parent=43600"}],"wp:term":[{"taxonomy":"category","embeddable":true,"href":"https:\/\/diariodocomercio.com.br\/mix\/wp-json\/wp\/v2\/categories?post=43600"},{"taxonomy":"post_tag","embeddable":true,"href":"https:\/\/diariodocomercio.com.br\/mix\/wp-json\/wp\/v2\/tags?post=43600"}],"curies":[{"name":"wp","href":"https:\/\/api.w.org\/{rel}","templated":true}]}}