{"id":43602,"date":"2026-04-29T17:04:41","date_gmt":"2026-04-29T20:04:41","guid":{"rendered":"https:\/\/diariodocomercio.com.br\/mix\/?p=43602"},"modified":"2026-04-29T17:04:44","modified_gmt":"2026-04-29T20:04:44","slug":"treinar-um-cao-guia-pode-levar-ate-2-anos-e-custar-ate-r-100-mil","status":"publish","type":"post","link":"https:\/\/diariodocomercio.com.br\/mix\/treinar-um-cao-guia-pode-levar-ate-2-anos-e-custar-ate-r-100-mil\/","title":{"rendered":"Treinar um c\u00e3o-guia pode levar at\u00e9 2 anos e custar at\u00e9 R$ 100 mil"},"content":{"rendered":"\n<p>O treinamento de <strong>c\u00e3es-guia<\/strong> no Brasil \u00e9 um empreendimento exigente que envolve tempo e recursos financeiros significativos. O processo pode durar <strong>at\u00e9 dois anos<\/strong> e os custos atingem <strong>R$ 100 mil, <\/strong>refletindo a complexidade do treinamento especializado necess\u00e1rio para preparar esses animais.<\/p>\n\n\n\n<p>No Instituto Adimax, mais de 1.300 pessoas aguardam por um c\u00e3o-guia que traga maior autonomia.<\/p>\n\n\n\n<p>O treinamento dos c\u00e3es-guias \u00e9 essencial para a seguran\u00e7a de pessoas com defici\u00eancia visual. Os c\u00e3es realizam tarefas complexas, como desviar de obst\u00e1culos e encontrar rotas seguras.<\/p>\n\n\n\n<p>A demanda por c\u00e3es treinados excede a oferta, criando longas listas de espera. Ra\u00e7as como labradores e golden retrievers costumam ser preferidas para o papel devido \u00e0 sua facilidade de treinamento e temperamento adequado.<\/p>\n\n\n\n<h2 class=\"wp-block-heading\">Conscientiza\u00e7\u00e3o&nbsp;<\/h2>\n\n\n\n<p>O Dia Internacional do C\u00e3o-Guia, celebrado em 29 de abril, destaca a import\u00e2ncia desses animais para a inclus\u00e3o social e acessibilidade. Essa data sublinha a necessidade de pol\u00edticas p\u00fablicas e investimentos que possam reduzir o tempo de espera e os custos de forma\u00e7\u00e3o.<\/p>\n\n\n\n<p>Com a expectativa de melhorias na forma\u00e7\u00e3o de c\u00e3es-guias, h\u00e1 esperan\u00e7a de que mais animais estejam dispon\u00edveis em 2026. Contudo, a demanda continua alta. Para atender essa necessidade crescente, tanto o setor p\u00fablico quanto o privado devem intensificar esfor\u00e7os e alocar recursos.<\/p>\n\n\n\n<p>A forma\u00e7\u00e3o de c\u00e3es-guia no Brasil \u00e9 um processo desafiador, mas extremamente necess\u00e1rio. No cen\u00e1rio atual, com investimentos adequados e pol\u00edticas efetivas, espera-se que mais pessoas possam usufruir do aux\u00edlio desses animais essenciais em 2026.<\/p>\n","protected":false},"excerpt":{"rendered":"<p>O treinamento dos c\u00e3es-guias \u00e9 essencial para a seguran\u00e7a de pessoas com defici\u00eancia visual.<\/p>\n","protected":false},"author":12,"featured_media":16075,"comment_status":"closed","ping_status":"closed","sticky":false,"template":"","format":"standard","meta":{"jnews-multi-image_gallery":[],"jnews_single_post":{"format":"standard"},"jnews_primary_category":[],"jnews_social_meta":[],"jnews_override_counter":[],"jnews_post_split":[],"footnotes":""},"categories":[1],"tags":[],"class_list":["post-43602","post","type-post","status-publish","format-standard","has-post-thumbnail","hentry","category-geral"],"_referencia":"","_links":{"self":[{"href":"https:\/\/diariodocomercio.com.br\/mix\/wp-json\/wp\/v2\/posts\/43602","targetHints":{"allow":["GET"]}}],"collection":[{"href":"https:\/\/diariodocomercio.com.br\/mix\/wp-json\/wp\/v2\/posts"}],"about":[{"href":"https:\/\/diariodocomercio.com.br\/mix\/wp-json\/wp\/v2\/types\/post"}],"author":[{"embeddable":true,"href":"https:\/\/diariodocomercio.com.br\/mix\/wp-json\/wp\/v2\/users\/12"}],"replies":[{"embeddable":true,"href":"https:\/\/diariodocomercio.com.br\/mix\/wp-json\/wp\/v2\/comments?post=43602"}],"version-history":[{"count":1,"href":"https:\/\/diariodocomercio.com.br\/mix\/wp-json\/wp\/v2\/posts\/43602\/revisions"}],"predecessor-version":[{"id":43603,"href":"https:\/\/diariodocomercio.com.br\/mix\/wp-json\/wp\/v2\/posts\/43602\/revisions\/43603"}],"wp:featuredmedia":[{"embeddable":true,"href":"https:\/\/diariodocomercio.com.br\/mix\/wp-json\/wp\/v2\/media\/16075"}],"wp:attachment":[{"href":"https:\/\/diariodocomercio.com.br\/mix\/wp-json\/wp\/v2\/media?parent=43602"}],"wp:term":[{"taxonomy":"category","embeddable":true,"href":"https:\/\/diariodocomercio.com.br\/mix\/wp-json\/wp\/v2\/categories?post=43602"},{"taxonomy":"post_tag","embeddable":true,"href":"https:\/\/diariodocomercio.com.br\/mix\/wp-json\/wp\/v2\/tags?post=43602"}],"curies":[{"name":"wp","href":"https:\/\/api.w.org\/{rel}","templated":true}]}}