{"id":43604,"date":"2026-04-29T17:25:00","date_gmt":"2026-04-29T20:25:00","guid":{"rendered":"https:\/\/diariodocomercio.com.br\/mix\/?p=43604"},"modified":"2026-04-29T17:11:55","modified_gmt":"2026-04-29T20:11:55","slug":"lei-em-vigor-no-brasil-permite-bloqueio-de-celular-por-falta-de-pagamento","status":"publish","type":"post","link":"https:\/\/diariodocomercio.com.br\/mix\/lei-em-vigor-no-brasil-permite-bloqueio-de-celular-por-falta-de-pagamento\/","title":{"rendered":"Lei em vigor no Brasil permite bloqueio de celular por falta de pagamento"},"content":{"rendered":"\n<p>A Justi\u00e7a do <strong>Cear\u00e1 <\/strong>autorizou, em fevereiro de 2026, o <strong>bloqueio de celulares em caso de falta de pagamento do aparelho<\/strong>. A decis\u00e3o, emitida pela 5\u00aa Vara da Fazenda P\u00fablica de Fortaleza, estabeleceu um importante precedente para o mercado de cr\u00e9dito.<\/p>\n\n\n\n<p>Essa medida suspendeu a efic\u00e1cia da Lei Estadual n\u00ba 19.547\/2025, sancionada em novembro de 2025, que proibia tal pr\u00e1tica. Envolvendo institutos financeiros e empresas de telefonia, a autoriza\u00e7\u00e3o visa assegurar a recupera\u00e7\u00e3o de cr\u00e9ditos e desperta debates sobre os direitos do consumidor.<\/p>\n\n\n\n<p>O Tribunal de Justi\u00e7a do Cear\u00e1 permitiu que financeiras e operadoras procedam com o bloqueio, contrariando a mencionada lei estadual. A decis\u00e3o se baseia no entendimento de que legislar sobre Direito Civil e Pol\u00edtica de Cr\u00e9dito \u00e9 compet\u00eancia exclusiva da Uni\u00e3o. Esse argumento foi fundamental para rejeitar qualquer suspens\u00e3o da pr\u00e1tica.<\/p>\n\n\n\n<h2 class=\"wp-block-heading\">An\u00e1lise jur\u00eddica<\/h2>\n\n\n\n<p>O caso suscita discuss\u00f5es significativas sobre a liberdade econ\u00f4mica e a prote\u00e7\u00e3o dos consumidores. Enquanto algumas entidades de cr\u00e9dito justificam o bloqueio como necess\u00e1rio para garantir o reembolso de d\u00edvidas, \u00f3rg\u00e3os de defesa do consumidor contestam essa pr\u00e1tica. Alegam que pode representar viola\u00e7\u00e3o ao C\u00f3digo de Defesa do Consumidor.<\/p>\n\n\n\n<p>Quest\u00f5es legais permanecem em discuss\u00e3o, e entidades como o Minist\u00e9rio P\u00fablico do Cear\u00e1 est\u00e3o se colocando contra a pr\u00e1tica em tribunal.&nbsp;<\/p>\n\n\n\n<p>Observa-se poss\u00edvel dissemina\u00e7\u00e3o da pr\u00e1tica em outros estados, dependendo de decis\u00f5es futuras. O quadro jur\u00eddico do Cear\u00e1 pode influenciar novas regulamenta\u00e7\u00f5es no Brasil sobre inclus\u00e3o financeira e direitos dos consumidores.<\/p>\n\n\n\n<p>Enquanto isso, tanto empresas quanto consumidores aguardam o resultado final dos julgamentos e eventuais altera\u00e7\u00f5es legislativas que podem moldar o futuro das transa\u00e7\u00f5es de financiamento digital.<\/p>\n","protected":false},"excerpt":{"rendered":"<p>Quest\u00f5es legais permanecem em discuss\u00e3o. Confira detalhes.<\/p>\n","protected":false},"author":12,"featured_media":28896,"comment_status":"closed","ping_status":"closed","sticky":false,"template":"","format":"standard","meta":{"jnews-multi-image_gallery":[],"jnews_single_post":{"format":"standard"},"jnews_primary_category":[],"jnews_social_meta":[],"jnews_override_counter":[],"jnews_post_split":[],"footnotes":""},"categories":[1],"tags":[],"class_list":["post-43604","post","type-post","status-publish","format-standard","has-post-thumbnail","hentry","category-geral"],"_referencia":"","_links":{"self":[{"href":"https:\/\/diariodocomercio.com.br\/mix\/wp-json\/wp\/v2\/posts\/43604","targetHints":{"allow":["GET"]}}],"collection":[{"href":"https:\/\/diariodocomercio.com.br\/mix\/wp-json\/wp\/v2\/posts"}],"about":[{"href":"https:\/\/diariodocomercio.com.br\/mix\/wp-json\/wp\/v2\/types\/post"}],"author":[{"embeddable":true,"href":"https:\/\/diariodocomercio.com.br\/mix\/wp-json\/wp\/v2\/users\/12"}],"replies":[{"embeddable":true,"href":"https:\/\/diariodocomercio.com.br\/mix\/wp-json\/wp\/v2\/comments?post=43604"}],"version-history":[{"count":3,"href":"https:\/\/diariodocomercio.com.br\/mix\/wp-json\/wp\/v2\/posts\/43604\/revisions"}],"predecessor-version":[{"id":43607,"href":"https:\/\/diariodocomercio.com.br\/mix\/wp-json\/wp\/v2\/posts\/43604\/revisions\/43607"}],"wp:featuredmedia":[{"embeddable":true,"href":"https:\/\/diariodocomercio.com.br\/mix\/wp-json\/wp\/v2\/media\/28896"}],"wp:attachment":[{"href":"https:\/\/diariodocomercio.com.br\/mix\/wp-json\/wp\/v2\/media?parent=43604"}],"wp:term":[{"taxonomy":"category","embeddable":true,"href":"https:\/\/diariodocomercio.com.br\/mix\/wp-json\/wp\/v2\/categories?post=43604"},{"taxonomy":"post_tag","embeddable":true,"href":"https:\/\/diariodocomercio.com.br\/mix\/wp-json\/wp\/v2\/tags?post=43604"}],"curies":[{"name":"wp","href":"https:\/\/api.w.org\/{rel}","templated":true}]}}