{"id":43608,"date":"2026-04-29T17:46:00","date_gmt":"2026-04-29T20:46:00","guid":{"rendered":"https:\/\/diariodocomercio.com.br\/mix\/?p=43608"},"modified":"2026-04-29T17:26:54","modified_gmt":"2026-04-29T20:26:54","slug":"5-palavras-simples-que-quase-todo-mundo-escreve-errado","status":"publish","type":"post","link":"https:\/\/diariodocomercio.com.br\/mix\/5-palavras-simples-que-quase-todo-mundo-escreve-errado\/","title":{"rendered":"5 palavras simples que quase todo mundo escreve errado"},"content":{"rendered":"\n<p>Circula diariamente nas redes sociais e em aplicativos de mensagem uma s\u00e9rie de equ\u00edvocos na escrita de<strong> palavras simples<\/strong>. O problema, embora comum, costuma passar despercebido na pressa de enviar uma mensagem, mas especialistas alertam que esses mesmos erros podem prejudicar o desempenho em provas, reda\u00e7\u00f5es e vestibulares.<\/p>\n\n\n\n<p>Manter a grafia correta das palavras simples faz diferen\u00e7a na comunica\u00e7\u00e3o escrita, especialmente em contextos formais.<\/p>\n\n\n\n<h2 class=\"wp-block-heading\">5 palavras frequentemente escritas de maneira errada<\/h2>\n\n\n\n<p>A seguir, veja 5 exemplos de palavras frequentemente escritas de maneira errada:<\/p>\n\n\n\n<p>1 &#8211; O primeiro caso envolve a express\u00e3o com \u201c<strong>certeza\u201d<\/strong>. A forma correta \u00e9 sempre separada e sem h\u00edfen. Grafias como \u201cconcerteza\u201d ou \u201ccom-certeza\u201d est\u00e3o incorretas. A express\u00e3o \u00e9 formada pela preposi\u00e7\u00e3o com e pelo substantivo certeza.<\/p>\n\n\n\n<p>2 &#8211; O segundo exemplo diz respeito ao par a <strong>\u201cgente\u201d <\/strong>e <strong>\u201cagente\u201d<\/strong>. Quando se escreve a gente, separado, tem-se um pronome pessoal informal equivalente a n\u00f3s. Exemplo: A gente vai ao parque hoje. J\u00e1 a forma agente, junto, refere-se a uma pessoa que atua ou representa algu\u00e9m, como em agente de viagens ou agente de pol\u00edcia. Exemplo: O agente de seguran\u00e7a far\u00e1 a vigil\u00e2ncia.<\/p>\n\n\n\n<p>3 &#8211; O terceiro caso \u00e9 o verbo <strong>reivindicar<\/strong>, que significa exigir ou pedir algo com base em direito. A grafia reinvindicar, com n antes do v, est\u00e1 incorreta. Exemplo: Os professores v\u00e3o reivindicar melhores sal\u00e1rios.<\/p>\n\n\n\n<p>4 &#8211; O quarto exemplo envolve as palavras <strong>conserto <\/strong>e <strong>concerto<\/strong>. A primeira, escrita com s, indica o ato de reparar algo danificado. Exemplo: O conserto da geladeira custou caro. A segunda, com c, significa apresenta\u00e7\u00e3o musical. Exemplo: Iremos ao concerto no teatro esta noite.<\/p>\n\n\n\n<p>5 &#8211; O quinto e \u00faltimo caso \u00e9 a palavra <strong>descanso<\/strong>. Ela vem do verbo descansar, que se escreve com s. Portanto, a forma descan\u00e7o, com \u00e7, est\u00e1 incorreta. Exemplo: Preciso de um bom descanso.<\/p>\n\n\n\n<p>Manter a grafia correta dessas palavras simples faz diferen\u00e7a na comunica\u00e7\u00e3o escrita, especialmente em contextos formais.<\/p>\n","protected":false},"excerpt":{"rendered":"<p>O problema, embora comum, costuma passar despercebido na pressa de enviar uma mensagem.<\/p>\n","protected":false},"author":12,"featured_media":11184,"comment_status":"closed","ping_status":"closed","sticky":false,"template":"","format":"standard","meta":{"jnews-multi-image_gallery":[],"jnews_single_post":{"format":"standard"},"jnews_primary_category":[],"jnews_social_meta":[],"jnews_override_counter":[],"jnews_post_split":[],"footnotes":""},"categories":[1],"tags":[],"class_list":["post-43608","post","type-post","status-publish","format-standard","has-post-thumbnail","hentry","category-geral"],"_referencia":"","_links":{"self":[{"href":"https:\/\/diariodocomercio.com.br\/mix\/wp-json\/wp\/v2\/posts\/43608","targetHints":{"allow":["GET"]}}],"collection":[{"href":"https:\/\/diariodocomercio.com.br\/mix\/wp-json\/wp\/v2\/posts"}],"about":[{"href":"https:\/\/diariodocomercio.com.br\/mix\/wp-json\/wp\/v2\/types\/post"}],"author":[{"embeddable":true,"href":"https:\/\/diariodocomercio.com.br\/mix\/wp-json\/wp\/v2\/users\/12"}],"replies":[{"embeddable":true,"href":"https:\/\/diariodocomercio.com.br\/mix\/wp-json\/wp\/v2\/comments?post=43608"}],"version-history":[{"count":2,"href":"https:\/\/diariodocomercio.com.br\/mix\/wp-json\/wp\/v2\/posts\/43608\/revisions"}],"predecessor-version":[{"id":43610,"href":"https:\/\/diariodocomercio.com.br\/mix\/wp-json\/wp\/v2\/posts\/43608\/revisions\/43610"}],"wp:featuredmedia":[{"embeddable":true,"href":"https:\/\/diariodocomercio.com.br\/mix\/wp-json\/wp\/v2\/media\/11184"}],"wp:attachment":[{"href":"https:\/\/diariodocomercio.com.br\/mix\/wp-json\/wp\/v2\/media?parent=43608"}],"wp:term":[{"taxonomy":"category","embeddable":true,"href":"https:\/\/diariodocomercio.com.br\/mix\/wp-json\/wp\/v2\/categories?post=43608"},{"taxonomy":"post_tag","embeddable":true,"href":"https:\/\/diariodocomercio.com.br\/mix\/wp-json\/wp\/v2\/tags?post=43608"}],"curies":[{"name":"wp","href":"https:\/\/api.w.org\/{rel}","templated":true}]}}