{"id":43614,"date":"2026-04-29T19:07:00","date_gmt":"2026-04-29T22:07:00","guid":{"rendered":"https:\/\/diariodocomercio.com.br\/mix\/?p=43614"},"modified":"2026-04-29T17:55:34","modified_gmt":"2026-04-29T20:55:34","slug":"projeto-pode-flexibilizar-a-clt-e-permitir-pagamento-por-hora-de-servico","status":"publish","type":"post","link":"https:\/\/diariodocomercio.com.br\/mix\/projeto-pode-flexibilizar-a-clt-e-permitir-pagamento-por-hora-de-servico\/","title":{"rendered":"Projeto pode flexibilizar a CLT e permitir pagamento por hora de servi\u00e7o"},"content":{"rendered":"\n<p>Os <strong>supermercados <\/strong>brasileiros est\u00e3o promovendo altera\u00e7\u00f5es significativas nas jornadas de trabalho. A Proposta de Emenda \u00e0 Constitui\u00e7\u00e3o (PEC) 40\/2025, apresentada pelo deputado Mauricio Marcon, surge no centro dessa transforma\u00e7\u00e3o.<\/p>\n\n\n\n<p>A previs\u00e3o \u00e9 permitir que trabalhadores escolham entre o regime tradicional da Consolida\u00e7\u00e3o das Leis do Trabalho (CLT) ou um modelo baseado em <strong>horas trabalhadas.<\/strong><\/p>\n\n\n\n<p>Atualmente, a proposta est\u00e1 em tramita\u00e7\u00e3o no Congresso. A mudan\u00e7a visaria dar flexibilidade \u00e0s grandes redes e pequenos mercados, que buscam alternativas para manter competitividade e efici\u00eancia.<\/p>\n\n\n\n<p>A PEC do Horista representa uma alternativa ao formato de trabalho conhecido como escala 6&#215;1. Com essa flexibilidade, os supermercados podem ajustar suas opera\u00e7\u00f5es para per\u00edodos de maior movimenta\u00e7\u00e3o.<\/p>\n\n\n\n<p>No entanto, o Minist\u00e9rio P\u00fablico do Trabalho est\u00e1 atento para garantir que os direitos dos trabalhadores sejam protegidos durante a implementa\u00e7\u00e3o desse modelo.<\/p>\n\n\n\n<h2 class=\"wp-block-heading\">Flexibilidade nas jornadas de trabalho<\/h2>\n\n\n\n<p>Muitas redes buscam adaptar-se \u00e0s novas exig\u00eancias do mercado, mas a ado\u00e7\u00e3o de hor\u00e1rios flex\u00edveis requer aten\u00e7\u00e3o. O objetivo \u00e9 otimizar custos sem comprometer a qualidade dos servi\u00e7os oferecidos.<\/p>\n\n\n\n<p>A flexibiliza\u00e7\u00e3o das jornadas \u00e9 vista, por alguns empres\u00e1rios, como vital para enfrentar desafios setoriais. Especialmente para redes menores, manter a viabilidade econ\u00f4mico-financeira sem sacrificar a for\u00e7a de trabalho \u00e9 crucial.&nbsp;<\/p>\n\n\n\n<p>A abordagem pode criar discuss\u00f5es sobre a estabilidade no emprego, principalmente para jovens que buscam maior liberdade nas rela\u00e7\u00f5es trabalhistas.<\/p>\n\n\n\n<h2 class=\"wp-block-heading\">PEC do Horista<\/h2>\n\n\n\n<p>Se a PEC 40\/2025 for aprovada, poder\u00e1 redefinir o com\u00e9rcio varejista. O debate gerado por esta PEC poderia inspirar outros setores a reavaliarem suas pr\u00e1ticas de RH.<\/p>\n\n\n\n<p>A PEC 40\/2025 ainda segue em tramita\u00e7\u00e3o na C\u00e2mara dos Deputados, enquanto discuss\u00f5es sobre seus impactos seguem em Bras\u00edlia.&nbsp;<\/p>\n","protected":false},"excerpt":{"rendered":"<p>Atualmente, a proposta est\u00e1 em tramita\u00e7\u00e3o no Congresso. <\/p>\n","protected":false},"author":12,"featured_media":27478,"comment_status":"closed","ping_status":"closed","sticky":false,"template":"","format":"standard","meta":{"jnews-multi-image_gallery":[],"jnews_single_post":{"format":"standard"},"jnews_primary_category":[],"jnews_social_meta":[],"jnews_override_counter":[],"jnews_post_split":[],"footnotes":""},"categories":[1],"tags":[],"class_list":["post-43614","post","type-post","status-publish","format-standard","has-post-thumbnail","hentry","category-geral"],"_referencia":"","_links":{"self":[{"href":"https:\/\/diariodocomercio.com.br\/mix\/wp-json\/wp\/v2\/posts\/43614","targetHints":{"allow":["GET"]}}],"collection":[{"href":"https:\/\/diariodocomercio.com.br\/mix\/wp-json\/wp\/v2\/posts"}],"about":[{"href":"https:\/\/diariodocomercio.com.br\/mix\/wp-json\/wp\/v2\/types\/post"}],"author":[{"embeddable":true,"href":"https:\/\/diariodocomercio.com.br\/mix\/wp-json\/wp\/v2\/users\/12"}],"replies":[{"embeddable":true,"href":"https:\/\/diariodocomercio.com.br\/mix\/wp-json\/wp\/v2\/comments?post=43614"}],"version-history":[{"count":2,"href":"https:\/\/diariodocomercio.com.br\/mix\/wp-json\/wp\/v2\/posts\/43614\/revisions"}],"predecessor-version":[{"id":43616,"href":"https:\/\/diariodocomercio.com.br\/mix\/wp-json\/wp\/v2\/posts\/43614\/revisions\/43616"}],"wp:featuredmedia":[{"embeddable":true,"href":"https:\/\/diariodocomercio.com.br\/mix\/wp-json\/wp\/v2\/media\/27478"}],"wp:attachment":[{"href":"https:\/\/diariodocomercio.com.br\/mix\/wp-json\/wp\/v2\/media?parent=43614"}],"wp:term":[{"taxonomy":"category","embeddable":true,"href":"https:\/\/diariodocomercio.com.br\/mix\/wp-json\/wp\/v2\/categories?post=43614"},{"taxonomy":"post_tag","embeddable":true,"href":"https:\/\/diariodocomercio.com.br\/mix\/wp-json\/wp\/v2\/tags?post=43614"}],"curies":[{"name":"wp","href":"https:\/\/api.w.org\/{rel}","templated":true}]}}