{"id":43621,"date":"2026-04-29T18:09:00","date_gmt":"2026-04-29T21:09:00","guid":{"rendered":"https:\/\/diariodocomercio.com.br\/mix\/?p=43621"},"modified":"2026-04-29T17:54:21","modified_gmt":"2026-04-29T20:54:21","slug":"beneficio-pode-ser-confirmado-para-quem-fizer-curso-de-combate-a-violencia-contra-a-mulher-no-brasil","status":"publish","type":"post","link":"https:\/\/diariodocomercio.com.br\/mix\/beneficio-pode-ser-confirmado-para-quem-fizer-curso-de-combate-a-violencia-contra-a-mulher-no-brasil\/","title":{"rendered":"Benef\u00edcio pode ser confirmado para quem fizer curso de combate \u00e0 viol\u00eancia contra a mulher no Brasil"},"content":{"rendered":"\n<p>Candidatos de <strong>concursos p\u00fablicos <\/strong>realizados no Brasil em 2026 agora t\u00eam uma nova ferramenta para se destacarem. O Projeto de Lei 3.452\/2025, aprovado pela Comiss\u00e3o de Direitos Humanos do Senado Federal nesta quarta-feira, dia 29 de abril, permite que <strong>cursos sobre combate \u00e0 viol\u00eancia contra a mulher <\/strong>concedam <strong>pontos extras <\/strong>em provas de t\u00edtulos.<\/p>\n\n\n\n<p>Esta proposta, de autoria da senadora Daniella Ribeiro (PP-PB), tem como objetivo modificar a Lei Geral dos Concursos P\u00fablicos, introduzindo o tema nos cursos de forma\u00e7\u00e3o para valorizar candidatos que busquem qualifica\u00e7\u00e3o nessa \u00e1rea.<\/p>\n\n\n\n<h2 class=\"wp-block-heading\">Integra\u00e7\u00e3o dos cursos<\/h2>\n\n\n\n<p>Incluir cursos de combate \u00e0 viol\u00eancia de g\u00eanero nos processos seletivos serviria para melhorar a capacita\u00e7\u00e3o dos futuros servidores e evidenciar a import\u00e2ncia do conhecimento especializado. A medida busca promover transforma\u00e7\u00f5es e refor\u00e7ar o papel do Estado como um agente de mudan\u00e7a.&nbsp;<\/p>\n\n\n\n<p>Atualmente, essa inclus\u00e3o alinha-se aos esfor\u00e7os de institui\u00e7\u00f5es p\u00fablicas para impulsionar pol\u00edticas eficazes contra a viol\u00eancia de g\u00eanero, tornando o ambiente p\u00fablico mais acolhedor.<\/p>\n\n\n\n<h2 class=\"wp-block-heading\">Pr\u00f3ximas etapas&nbsp;<\/h2>\n\n\n\n<p>Ap\u00f3s a aprova\u00e7\u00e3o na Comiss\u00e3o de Direitos Humanos, o projeto segue para an\u00e1lise na Comiss\u00e3o de Constitui\u00e7\u00e3o, Justi\u00e7a e Cidadania, respons\u00e1vel por examinar sua constitucionalidade. N\u00e3o h\u00e1 datas definidas para audi\u00eancias p\u00fablicas espec\u00edficas sobre este projeto.<\/p>\n\n\n\n<p>Contudo, duas audi\u00eancias j\u00e1 programadas incluem debates sobre temas correlatos.<\/p>\n\n\n\n<p>Programas de capacita\u00e7\u00e3o j\u00e1 formaram 350 profissionais de seguran\u00e7a p\u00fablica em 2024. Esses cursos, oferecidos pelo Minist\u00e9rio da Justi\u00e7a e Seguran\u00e7a P\u00fablica, abordam o atendimento \u00e0s v\u00edtimas e as especificidades da viol\u00eancia de g\u00eanero. Isso demonstra um esfor\u00e7o cont\u00ednuo na prepara\u00e7\u00e3o do Estado brasileiro para enfrentar quest\u00f5es complexas ligadas \u00e0 viol\u00eancia contra a mulher.<\/p>\n","protected":false},"excerpt":{"rendered":"<p>Projeto de Lei foi aprovado pela Comiss\u00e3o de Direitos Humanos do Senado Federal.<\/p>\n","protected":false},"author":12,"featured_media":11271,"comment_status":"closed","ping_status":"closed","sticky":false,"template":"","format":"standard","meta":{"jnews-multi-image_gallery":[],"jnews_single_post":{"format":"standard"},"jnews_primary_category":[],"jnews_social_meta":[],"jnews_override_counter":[],"jnews_post_split":[],"footnotes":""},"categories":[1],"tags":[],"class_list":["post-43621","post","type-post","status-publish","format-standard","has-post-thumbnail","hentry","category-geral"],"_referencia":"","_links":{"self":[{"href":"https:\/\/diariodocomercio.com.br\/mix\/wp-json\/wp\/v2\/posts\/43621","targetHints":{"allow":["GET"]}}],"collection":[{"href":"https:\/\/diariodocomercio.com.br\/mix\/wp-json\/wp\/v2\/posts"}],"about":[{"href":"https:\/\/diariodocomercio.com.br\/mix\/wp-json\/wp\/v2\/types\/post"}],"author":[{"embeddable":true,"href":"https:\/\/diariodocomercio.com.br\/mix\/wp-json\/wp\/v2\/users\/12"}],"replies":[{"embeddable":true,"href":"https:\/\/diariodocomercio.com.br\/mix\/wp-json\/wp\/v2\/comments?post=43621"}],"version-history":[{"count":2,"href":"https:\/\/diariodocomercio.com.br\/mix\/wp-json\/wp\/v2\/posts\/43621\/revisions"}],"predecessor-version":[{"id":43623,"href":"https:\/\/diariodocomercio.com.br\/mix\/wp-json\/wp\/v2\/posts\/43621\/revisions\/43623"}],"wp:featuredmedia":[{"embeddable":true,"href":"https:\/\/diariodocomercio.com.br\/mix\/wp-json\/wp\/v2\/media\/11271"}],"wp:attachment":[{"href":"https:\/\/diariodocomercio.com.br\/mix\/wp-json\/wp\/v2\/media?parent=43621"}],"wp:term":[{"taxonomy":"category","embeddable":true,"href":"https:\/\/diariodocomercio.com.br\/mix\/wp-json\/wp\/v2\/categories?post=43621"},{"taxonomy":"post_tag","embeddable":true,"href":"https:\/\/diariodocomercio.com.br\/mix\/wp-json\/wp\/v2\/tags?post=43621"}],"curies":[{"name":"wp","href":"https:\/\/api.w.org\/{rel}","templated":true}]}}