{"id":43624,"date":"2026-04-29T20:01:00","date_gmt":"2026-04-29T23:01:00","guid":{"rendered":"https:\/\/diariodocomercio.com.br\/mix\/?p=43624"},"modified":"2026-04-29T18:04:32","modified_gmt":"2026-04-29T21:04:32","slug":"a-espera-de-convocacao-neymar-investe-r-255-milhoes-para-garantir-presenca-na-copa-do-mundo","status":"publish","type":"post","link":"https:\/\/diariodocomercio.com.br\/mix\/a-espera-de-convocacao-neymar-investe-r-255-milhoes-para-garantir-presenca-na-copa-do-mundo\/","title":{"rendered":"\u00c0 espera de convoca\u00e7\u00e3o, Neymar investe R$ 255 milh\u00f5es para garantir presen\u00e7a na Copa do Mundo"},"content":{"rendered":"\n<p>O astro do futebol <strong>Neymar <\/strong>adquiriu um jato <strong>Dassault Falcon 900LX<\/strong>, avaliado em aproximadamente <strong>R$ 225 milh\u00f5es<\/strong>. Esta aquisi\u00e7\u00e3o ocorreu para facilitar suas viagens a trabalho e compromissos pessoais, conectando Am\u00e9rica do Sul, Europa e Oriente M\u00e9dio sem escalas.<\/p>\n\n\n\n<p>O jato foi comprado por meio de uma transa\u00e7\u00e3o internacional, destacando Neymar n\u00e3o apenas nos campos, mas tamb\u00e9m como protagonista no universo da avia\u00e7\u00e3o executiva.<\/p>\n\n\n<div class=\"wp-block-image\">\n<figure class=\"aligncenter size-large is-resized\"><img decoding=\"async\" width=\"1200\" height=\"600\" src=\"https:\/\/diariodocomercio.com.br\/mix\/wp-content\/uploads\/2026\/04\/02.-overview-900lx-desktop-1536x768-1-1200x600.avif\" alt=\"\" class=\"wp-image-43626\" style=\"width:552px;height:auto\" srcset=\"https:\/\/diariodocomercio.com.br\/mix\/wp-content\/uploads\/2026\/04\/02.-overview-900lx-desktop-1536x768-1-1200x600.avif 1200w, https:\/\/diariodocomercio.com.br\/mix\/wp-content\/uploads\/2026\/04\/02.-overview-900lx-desktop-1536x768-1-300x150.avif 300w, https:\/\/diariodocomercio.com.br\/mix\/wp-content\/uploads\/2026\/04\/02.-overview-900lx-desktop-1536x768-1-768x384.avif 768w, https:\/\/diariodocomercio.com.br\/mix\/wp-content\/uploads\/2026\/04\/02.-overview-900lx-desktop-1536x768-1-150x75.avif 150w, https:\/\/diariodocomercio.com.br\/mix\/wp-content\/uploads\/2026\/04\/02.-overview-900lx-desktop-1536x768-1-360x180.avif 360w, https:\/\/diariodocomercio.com.br\/mix\/wp-content\/uploads\/2026\/04\/02.-overview-900lx-desktop-1536x768-1-750x375.avif 750w, https:\/\/diariodocomercio.com.br\/mix\/wp-content\/uploads\/2026\/04\/02.-overview-900lx-desktop-1536x768-1-1140x570.avif 1140w, https:\/\/diariodocomercio.com.br\/mix\/wp-content\/uploads\/2026\/04\/02.-overview-900lx-desktop-1536x768-1.avif 1536w\" sizes=\"(max-width: 1200px) 100vw, 1200px\" \/><figcaption class=\"wp-element-caption\">Jato executivo Dassault Falcon 900LX, modelo associado ao avi\u00e3o utilizado por Neymar (Foto: Reprodu\u00e7\u00e3o)<\/figcaption><\/figure>\n<\/div>\n\n\n<p>O Falcon 900LX possui autonomia de 8.800 km, permitindo que Neymar maximize seu tempo ao reduzir viagens longas. Com velocidade de at\u00e9 1.000 km\/h, o jet facilita deslocamentos entre compromissos e garante flexibilidade, aspecto crucial para a agenda repleta do jogador.<\/p>\n\n\n\n<p>\u00c0 espera de ser convocado para jogar na Copa do Mundo deste ano, o avi\u00e3o poderia garantir a presen\u00e7a do jogador ao transport\u00e1-lo para os Estados Unidos.<\/p>\n\n\n\n<h2 class=\"wp-block-heading\">Efic\u00e1cia dos motores triplos<\/h2>\n\n\n\n<p>A configura\u00e7\u00e3o de tr\u00eas motores no Dassault Falcon 900LX aprimora a seguran\u00e7a em voos longos, especialmente sobre os oceanos. Esta caracter\u00edstica t\u00e9cnica permite rotas diretas, essenciais para atletas como Neymar, que frequentemente viajam por compromissos profissionais ao redor do mundo.<\/p>\n\n\n\n<p>A redu\u00e7\u00e3o nas exig\u00eancias de escalas melhora sua pontualidade e efici\u00eancia.<\/p>\n\n\n\n<p>Al\u00e9m disso, o uso de um jato privado elimina esperas em aeroportos, melhorando a previsibilidade da agenda de Neymar. Este fator \u00e9 importante em seu intenso cronograma entre jogos, eventos e reuni\u00f5es com patrocinadores.<\/p>\n\n\n\n<h2 class=\"wp-block-heading\">Comodidade a\u00e9rea<\/h2>\n\n\n\n<p>Internamente, o Falcon 900LX oferece conforto e funcionalidade superiores, acomodando at\u00e9 14 passageiros. O design da cabine permite descanso e reuni\u00f5es, com poltronas que se transformam em camas e isolamento ac\u00fastico.<\/p>\n\n\n\n<p>Estas funcionalidades garantem privacidade e tranquilidade para Neymar e sua equipe durante as viagens.<\/p>\n\n\n\n<p>Para figuras p\u00fablicas, usar jatos permite evitar \u00e1reas comuns em aeroportos. O ambiente privado n\u00e3o s\u00f3 aumenta a seguran\u00e7a, mas tamb\u00e9m oferece um espa\u00e7o tranquilo.<\/p>\n","protected":false},"excerpt":{"rendered":"<p>Jogador ainda n\u00e3o foi confirmado para jogar na Copa do Mundo deste ano.<\/p>\n","protected":false},"author":12,"featured_media":21153,"comment_status":"closed","ping_status":"closed","sticky":false,"template":"","format":"standard","meta":{"jnews-multi-image_gallery":[],"jnews_single_post":{"format":"standard"},"jnews_primary_category":[],"jnews_social_meta":[],"jnews_override_counter":[],"jnews_post_split":[],"footnotes":""},"categories":[1],"tags":[],"class_list":["post-43624","post","type-post","status-publish","format-standard","has-post-thumbnail","hentry","category-geral"],"_referencia":"","_links":{"self":[{"href":"https:\/\/diariodocomercio.com.br\/mix\/wp-json\/wp\/v2\/posts\/43624","targetHints":{"allow":["GET"]}}],"collection":[{"href":"https:\/\/diariodocomercio.com.br\/mix\/wp-json\/wp\/v2\/posts"}],"about":[{"href":"https:\/\/diariodocomercio.com.br\/mix\/wp-json\/wp\/v2\/types\/post"}],"author":[{"embeddable":true,"href":"https:\/\/diariodocomercio.com.br\/mix\/wp-json\/wp\/v2\/users\/12"}],"replies":[{"embeddable":true,"href":"https:\/\/diariodocomercio.com.br\/mix\/wp-json\/wp\/v2\/comments?post=43624"}],"version-history":[{"count":2,"href":"https:\/\/diariodocomercio.com.br\/mix\/wp-json\/wp\/v2\/posts\/43624\/revisions"}],"predecessor-version":[{"id":43627,"href":"https:\/\/diariodocomercio.com.br\/mix\/wp-json\/wp\/v2\/posts\/43624\/revisions\/43627"}],"wp:featuredmedia":[{"embeddable":true,"href":"https:\/\/diariodocomercio.com.br\/mix\/wp-json\/wp\/v2\/media\/21153"}],"wp:attachment":[{"href":"https:\/\/diariodocomercio.com.br\/mix\/wp-json\/wp\/v2\/media?parent=43624"}],"wp:term":[{"taxonomy":"category","embeddable":true,"href":"https:\/\/diariodocomercio.com.br\/mix\/wp-json\/wp\/v2\/categories?post=43624"},{"taxonomy":"post_tag","embeddable":true,"href":"https:\/\/diariodocomercio.com.br\/mix\/wp-json\/wp\/v2\/tags?post=43624"}],"curies":[{"name":"wp","href":"https:\/\/api.w.org\/{rel}","templated":true}]}}