{"id":43631,"date":"2026-04-29T18:31:00","date_gmt":"2026-04-29T21:31:00","guid":{"rendered":"https:\/\/diariodocomercio.com.br\/mix\/?p=43631"},"modified":"2026-04-29T18:19:08","modified_gmt":"2026-04-29T21:19:08","slug":"governo-preve-que-r-45-bilhoes-serao-movimentados-apos-criacao-de-novo-auxilio-no-brasil","status":"publish","type":"post","link":"https:\/\/diariodocomercio.com.br\/mix\/governo-preve-que-r-45-bilhoes-serao-movimentados-apos-criacao-de-novo-auxilio-no-brasil\/","title":{"rendered":"Governo prev\u00ea que R$ 4,5 bilh\u00f5es ser\u00e3o movimentados ap\u00f3s cria\u00e7\u00e3o de novo aux\u00edlio no Brasil"},"content":{"rendered":"\n<p>O governo brasileiro lan\u00e7a, em 2026, o programa <strong>Desenrola 2.0. <\/strong>Essa iniciativa busca renegociar d\u00edvidas pessoais, utilizando at\u00e9 20% do saldo do <strong>FGTS. <\/strong>Estima-se que o programa impacte financeiramente o FGTS em cerca de <strong>R$ 4,5 bilh\u00f5es, <\/strong>enquanto uma trava limita saques em R$ 8 bilh\u00f5es.<\/p>\n\n\n\n<p>Voltado a trabalhadores que ganham at\u00e9 cinco sal\u00e1rios m\u00ednimos, o programa visa aliviar o endividamento de milh\u00f5es no pa\u00eds, <strong>auxiliando <\/strong>na quita\u00e7\u00e3o de d\u00e9bitos.<\/p>\n\n\n\n<p>A proposta do Desenrola 2.0 \u00e9 nacional. Permitir\u00e1 que trabalhadores utilizem parte do seu FGTS para liquidar d\u00edvidas com descontos de at\u00e9 90%. A Caixa Econ\u00f4mica Federal atuar\u00e1 como facilitadora, transferindo automaticamente os fundos aos credores.<\/p>\n\n\n\n<p>O programa almeja n\u00e3o s\u00f3 quitar d\u00edvidas, mas tamb\u00e9m aquecer a economia do pa\u00eds ao liberar o poder de consumo das fam\u00edlias.<\/p>\n\n\n\n<h2 class=\"wp-block-heading\">Como funcionar\u00e1 o Desenrola 2.0<\/h2>\n\n\n\n<p>O Desenrola 2.0 atender\u00e1 trabalhadores com renda de at\u00e9 cinco sal\u00e1rios m\u00ednimos. A partir do FGTS, \u00e9 poss\u00edvel negociar d\u00e9bitos com institui\u00e7\u00f5es financeiras em processo automatizado.<\/p>\n\n\n\n<p>O percentual utilizado do FGTS varia, mas deve respeitar a trava de R$ 8 bilh\u00f5es.<\/p>\n\n\n\n<p>Renegociar d\u00edvidas \u00e9 realizado com descontos significativos, entre 40% e 90%, dependendo das condi\u00e7\u00f5es espec\u00edficas. Essa redu\u00e7\u00e3o alivia fam\u00edlias e melhora, potencialmente, sua situa\u00e7\u00e3o financeira a longo prazo.<\/p>\n\n\n\n<h2 class=\"wp-block-heading\">Impacto econ\u00f4mico do programa<\/h2>\n\n\n\n<p>Com previs\u00e3o de movimentar R$ 4,5 bilh\u00f5es do FGTS, o programa alivia financeiramente trabalhadores endividados. Ao se quitar d\u00edvidas, espera-se que os consumidores tenham maior capacidade de consumo, impulsionando, assim, a economia.<\/p>\n\n\n\n<p>O impacto n\u00e3o se limita ao al\u00edvio imediato. Subir o poder de compra das fam\u00edlias deve gerar crescimento econ\u00f4mico mais substancial.<\/p>\n","protected":false},"excerpt":{"rendered":"<p>Iniciativa deve ser lan\u00e7ada ainda este ano. Confira detalhes.<\/p>\n","protected":false},"author":12,"featured_media":10659,"comment_status":"closed","ping_status":"closed","sticky":false,"template":"","format":"standard","meta":{"jnews-multi-image_gallery":[],"jnews_single_post":{"format":"standard"},"jnews_primary_category":[],"jnews_social_meta":[],"jnews_override_counter":[],"jnews_post_split":[],"footnotes":""},"categories":[1],"tags":[],"class_list":["post-43631","post","type-post","status-publish","format-standard","has-post-thumbnail","hentry","category-geral"],"_referencia":"","_links":{"self":[{"href":"https:\/\/diariodocomercio.com.br\/mix\/wp-json\/wp\/v2\/posts\/43631","targetHints":{"allow":["GET"]}}],"collection":[{"href":"https:\/\/diariodocomercio.com.br\/mix\/wp-json\/wp\/v2\/posts"}],"about":[{"href":"https:\/\/diariodocomercio.com.br\/mix\/wp-json\/wp\/v2\/types\/post"}],"author":[{"embeddable":true,"href":"https:\/\/diariodocomercio.com.br\/mix\/wp-json\/wp\/v2\/users\/12"}],"replies":[{"embeddable":true,"href":"https:\/\/diariodocomercio.com.br\/mix\/wp-json\/wp\/v2\/comments?post=43631"}],"version-history":[{"count":2,"href":"https:\/\/diariodocomercio.com.br\/mix\/wp-json\/wp\/v2\/posts\/43631\/revisions"}],"predecessor-version":[{"id":43633,"href":"https:\/\/diariodocomercio.com.br\/mix\/wp-json\/wp\/v2\/posts\/43631\/revisions\/43633"}],"wp:featuredmedia":[{"embeddable":true,"href":"https:\/\/diariodocomercio.com.br\/mix\/wp-json\/wp\/v2\/media\/10659"}],"wp:attachment":[{"href":"https:\/\/diariodocomercio.com.br\/mix\/wp-json\/wp\/v2\/media?parent=43631"}],"wp:term":[{"taxonomy":"category","embeddable":true,"href":"https:\/\/diariodocomercio.com.br\/mix\/wp-json\/wp\/v2\/categories?post=43631"},{"taxonomy":"post_tag","embeddable":true,"href":"https:\/\/diariodocomercio.com.br\/mix\/wp-json\/wp\/v2\/tags?post=43631"}],"curies":[{"name":"wp","href":"https:\/\/api.w.org\/{rel}","templated":true}]}}