{"id":43638,"date":"2026-04-29T22:04:00","date_gmt":"2026-04-30T01:04:00","guid":{"rendered":"https:\/\/diariodocomercio.com.br\/mix\/?p=43638"},"modified":"2026-04-29T18:36:53","modified_gmt":"2026-04-29T21:36:53","slug":"empresa-da-china-confirma-entrada-no-brasil-e-milhares-de-empregos-serao-gerados-no-pais","status":"publish","type":"post","link":"https:\/\/diariodocomercio.com.br\/mix\/empresa-da-china-confirma-entrada-no-brasil-e-milhares-de-empregos-serao-gerados-no-pais\/","title":{"rendered":"Empresa da China confirma entrada no Brasil e milhares de empregos ser\u00e3o gerados no pa\u00eds"},"content":{"rendered":"\n<p>A <strong>BAIC<\/strong>, empresa automotiva da <strong>China<\/strong>, est\u00e1 ampliando sua presen\u00e7a no Brasil com a instala\u00e7\u00e3o de uma nova f\u00e1brica no pa\u00eds. A partir do \u00faltimo trimestre de 2026, a empresa iniciar\u00e1 suas opera\u00e7\u00f5es brasileiras, conforme anunciado no Sal\u00e3o de Pequim deste ano.<\/p>\n\n\n\n<p>A estrat\u00e9gia visa fortalecer sua presen\u00e7a no mercado de ve\u00edculos el\u00e9tricos, confrontando concorrentes como <strong>BYD <\/strong>e <strong>GWM<\/strong>. A localiza\u00e7\u00e3o exata da f\u00e1brica ainda n\u00e3o foi divulgada.<\/p>\n\n\n\n<p>Uma das principais apostas para o mercado brasileiro \u00e9 o Arcfox T1. Este hatch el\u00e9trico destaca-se pela autonomia de at\u00e9 425 km em sua vers\u00e3o com bateria de 42,3 kWh. Sua capacidade de recarga permite atingir de 30% a 80% em apenas 16 minutos. Com 4,33 metros de comprimento e entre-eixos de 2,77 metros, o modelo promete ser um concorrente direto do BYD Dolphin.<\/p>\n\n\n\n<h2 class=\"wp-block-heading\">Diversifica\u00e7\u00e3o da BAIC no Brasil<\/h2>\n\n\n\n<p>Al\u00e9m do Arcfox T1, a BAIC pretende expandir seu portf\u00f3lio oferecido no Brasil. Entretanto, ainda n\u00e3o foram confirmados outros modelos espec\u00edficos, como o BJ30, X55 ou BJ40.<\/p>\n\n\n\n<p>A maior parte da aten\u00e7\u00e3o est\u00e1 no hatchback el\u00e9trico Arcfox T1, o qual a empresa acredita ser ideal para o mercado local.<\/p>\n\n\n\n<h2 class=\"wp-block-heading\">Planos de expans\u00e3o da rede de concession\u00e1rias<\/h2>\n\n\n\n<p>O compromisso da BAIC em aumentar sua participa\u00e7\u00e3o no mercado nacional \u00e9 evidente atrav\u00e9s das suas inten\u00e7\u00f5es de estabelecer uma forte rede de concession\u00e1rias.<\/p>\n\n\n\n<p>A entrada da BAIC no mercado brasileiro em 2026 representa um movimento estrat\u00e9gico na ind\u00fastria automotiva. A instala\u00e7\u00e3o da nova f\u00e1brica simboliza um passo importante para a empresa desenvolver suas opera\u00e7\u00f5es locais. A cria\u00e7\u00e3o de novos empregos e a amplia\u00e7\u00e3o do mercado de ve\u00edculos el\u00e9tricos est\u00e3o entre as expectativas mais destacadas.&nbsp;<\/p>\n","protected":false},"excerpt":{"rendered":"<p>Empresa est\u00e1 ampliando sua presen\u00e7a no Brasil com a instala\u00e7\u00e3o de uma nova f\u00e1brica no pa\u00eds.<\/p>\n","protected":false},"author":12,"featured_media":43640,"comment_status":"closed","ping_status":"closed","sticky":false,"template":"","format":"standard","meta":{"jnews-multi-image_gallery":[],"jnews_single_post":{"format":"standard"},"jnews_primary_category":[],"jnews_social_meta":[],"jnews_override_counter":[],"jnews_post_split":[],"footnotes":""},"categories":[1],"tags":[],"class_list":["post-43638","post","type-post","status-publish","format-standard","has-post-thumbnail","hentry","category-geral"],"_referencia":"","_links":{"self":[{"href":"https:\/\/diariodocomercio.com.br\/mix\/wp-json\/wp\/v2\/posts\/43638","targetHints":{"allow":["GET"]}}],"collection":[{"href":"https:\/\/diariodocomercio.com.br\/mix\/wp-json\/wp\/v2\/posts"}],"about":[{"href":"https:\/\/diariodocomercio.com.br\/mix\/wp-json\/wp\/v2\/types\/post"}],"author":[{"embeddable":true,"href":"https:\/\/diariodocomercio.com.br\/mix\/wp-json\/wp\/v2\/users\/12"}],"replies":[{"embeddable":true,"href":"https:\/\/diariodocomercio.com.br\/mix\/wp-json\/wp\/v2\/comments?post=43638"}],"version-history":[{"count":2,"href":"https:\/\/diariodocomercio.com.br\/mix\/wp-json\/wp\/v2\/posts\/43638\/revisions"}],"predecessor-version":[{"id":43642,"href":"https:\/\/diariodocomercio.com.br\/mix\/wp-json\/wp\/v2\/posts\/43638\/revisions\/43642"}],"wp:featuredmedia":[{"embeddable":true,"href":"https:\/\/diariodocomercio.com.br\/mix\/wp-json\/wp\/v2\/media\/43640"}],"wp:attachment":[{"href":"https:\/\/diariodocomercio.com.br\/mix\/wp-json\/wp\/v2\/media?parent=43638"}],"wp:term":[{"taxonomy":"category","embeddable":true,"href":"https:\/\/diariodocomercio.com.br\/mix\/wp-json\/wp\/v2\/categories?post=43638"},{"taxonomy":"post_tag","embeddable":true,"href":"https:\/\/diariodocomercio.com.br\/mix\/wp-json\/wp\/v2\/tags?post=43638"}],"curies":[{"name":"wp","href":"https:\/\/api.w.org\/{rel}","templated":true}]}}