{"id":43644,"date":"2026-04-29T19:05:00","date_gmt":"2026-04-29T22:05:00","guid":{"rendered":"https:\/\/diariodocomercio.com.br\/mix\/?p=43644"},"modified":"2026-04-29T19:00:46","modified_gmt":"2026-04-29T22:00:46","slug":"lula-determina-aumento-e-trabalhadores-do-brasil-ja-sentem-nova-realidade-se-aproximando","status":"publish","type":"post","link":"https:\/\/diariodocomercio.com.br\/mix\/lula-determina-aumento-e-trabalhadores-do-brasil-ja-sentem-nova-realidade-se-aproximando\/","title":{"rendered":"Lula determina aumento e trabalhadores do Brasil j\u00e1 sentem nova realidade se aproximando"},"content":{"rendered":"\n<p>O governo federal acelera os preparativos para uma nova fase do programa de renegocia\u00e7\u00e3o de d\u00edvidas, conhecido como Desenrola, com mudan\u00e7as que podem atingir diretamente milh\u00f5es de trabalhadores brasileiros. A proposta, que vem sendo ajustada pela equipe econ\u00f4mica a pedido do presidente Luiz In\u00e1cio Lula da Silva, busca ampliar o alcance da iniciativa e oferecer condi\u00e7\u00f5es mais vantajosas para aliviar o endividamento das fam\u00edlias.<\/p>\n\n\n\n<p>A principal novidade em discuss\u00e3o \u00e9 a possibilidade de incluir pessoas que, mesmo com d\u00edvidas elevadas, ainda conseguem manter os pagamentos em dia. A medida representa uma mudan\u00e7a relevante no desenho do programa, que at\u00e9 ent\u00e3o priorizava inadimplentes.<\/p>\n\n\n\n<p>A preocupa\u00e7\u00e3o do governo se concentra especialmente nos trabalhadores informais, grupo que enfrenta maior dificuldade de acesso a pol\u00edticas p\u00fablicas e que, segundo interlocutores do Planalto, tem demonstrado insatisfa\u00e7\u00e3o diante da press\u00e3o financeira.<\/p>\n\n\n\n<p>Dados do Banco Central do Brasil indicam que 29,7% da renda das fam\u00edlias est\u00e1 comprometida com d\u00edvidas, o maior n\u00edvel j\u00e1 registrado. Esse cen\u00e1rio tem levado o governo a tratar o endividamento como um dos principais entraves ao aumento do poder de consumo e \u00e0 melhora na percep\u00e7\u00e3o econ\u00f4mica.<\/p>\n\n\n\n<p>Nos bastidores, t\u00e9cnicos avaliam que incluir quem ainda est\u00e1 adimplente pode aumentar significativamente o n\u00famero de benefici\u00e1rios, o que exige ajustes operacionais e maior capacidade financeira do programa. Por isso, existe a possibilidade de essa amplia\u00e7\u00e3o ocorrer apenas em etapas futuras.<\/p>\n\n\n\n<h2 class=\"wp-block-heading\"><strong>Descontos, juros menores e foco na reorganiza\u00e7\u00e3o financeira<\/strong><\/h2>\n\n\n\n<p>A nova vers\u00e3o do Desenrola deve manter como base a renegocia\u00e7\u00e3o de d\u00edvidas com condi\u00e7\u00f5es mais acess\u00edveis. A expectativa \u00e9 de que os descontos variem entre 40% e 90% do valor devido, dependendo do tempo de atraso.<\/p>\n\n\n\n<p>Al\u00e9m disso, o governo trabalha para limitar as taxas de juros a cerca de 1,99% ao m\u00eas em modalidades como cart\u00e3o de cr\u00e9dito, cheque especial e cr\u00e9dito pessoal \u2014 consideradas entre as mais caras do mercado.<\/p>\n\n\n\n<p>Para viabilizar o programa, a Uni\u00e3o deve destinar entre R$ 8 bilh\u00f5es e R$ 9 bilh\u00f5es ao Fundo Garantidor de Opera\u00e7\u00f5es (FGO), mecanismo que reduz o risco para os bancos e facilita a concess\u00e3o de cr\u00e9dito em condi\u00e7\u00f5es melhores.<\/p>\n\n\n\n<p>Inicialmente, tamb\u00e9m foi estudada a libera\u00e7\u00e3o de recursos do FGTS para pagamento de d\u00edvidas, mas a proposta foi descartada por quest\u00f5es legais e por preocupa\u00e7\u00f5es com a seguran\u00e7a financeira dos trabalhadores no longo prazo.<\/p>\n\n\n\n<h2 class=\"wp-block-heading\"><strong>Nova estrat\u00e9gia busca impacto mais amplo na economia<\/strong><\/h2>\n\n\n\n<p>A reformula\u00e7\u00e3o do programa ocorre em um momento em que o governo tenta equilibrar bons indicadores econ\u00f4micos com a percep\u00e7\u00e3o da popula\u00e7\u00e3o. Apesar da melhora no mercado de trabalho, o alto n\u00edvel de endividamento continua pressionando o or\u00e7amento das fam\u00edlias.<\/p>\n\n\n\n<p>A expectativa \u00e9 que a nova fase do Desenrola alcance dezenas de milh\u00f5es de brasileiros, ampliando o acesso \u00e0 renegocia\u00e7\u00e3o e criando condi\u00e7\u00f5es para uma reorganiza\u00e7\u00e3o financeira mais sustent\u00e1vel.<\/p>\n\n\n\n<p>Ainda sem data oficial confirmada, o an\u00fancio do programa deve ocorrer nos pr\u00f3ximos dias, com detalhamento das regras e crit\u00e9rios de participa\u00e7\u00e3o.<\/p>\n","protected":false},"excerpt":{"rendered":"<p>O governo federal acelera os preparativos para uma nova fase do programa de renegocia\u00e7\u00e3o de d\u00edvidas, conhecido como Desenrola, com mudan\u00e7as que podem atingir diretamente milh\u00f5es de trabalhadores brasileiros. A proposta, que vem sendo ajustada pela equipe econ\u00f4mica a pedido do presidente Luiz In\u00e1cio Lula da Silva, busca ampliar o alcance da iniciativa e oferecer [&hellip;]<\/p>\n","protected":false},"author":9,"featured_media":18814,"comment_status":"closed","ping_status":"closed","sticky":false,"template":"","format":"standard","meta":{"jnews-multi-image_gallery":[],"jnews_single_post":{"format":"standard"},"jnews_primary_category":[],"jnews_social_meta":[],"jnews_override_counter":[],"jnews_post_split":[],"footnotes":""},"categories":[1],"tags":[],"class_list":["post-43644","post","type-post","status-publish","format-standard","has-post-thumbnail","hentry","category-geral"],"_referencia":"","_links":{"self":[{"href":"https:\/\/diariodocomercio.com.br\/mix\/wp-json\/wp\/v2\/posts\/43644","targetHints":{"allow":["GET"]}}],"collection":[{"href":"https:\/\/diariodocomercio.com.br\/mix\/wp-json\/wp\/v2\/posts"}],"about":[{"href":"https:\/\/diariodocomercio.com.br\/mix\/wp-json\/wp\/v2\/types\/post"}],"author":[{"embeddable":true,"href":"https:\/\/diariodocomercio.com.br\/mix\/wp-json\/wp\/v2\/users\/9"}],"replies":[{"embeddable":true,"href":"https:\/\/diariodocomercio.com.br\/mix\/wp-json\/wp\/v2\/comments?post=43644"}],"version-history":[{"count":1,"href":"https:\/\/diariodocomercio.com.br\/mix\/wp-json\/wp\/v2\/posts\/43644\/revisions"}],"predecessor-version":[{"id":43648,"href":"https:\/\/diariodocomercio.com.br\/mix\/wp-json\/wp\/v2\/posts\/43644\/revisions\/43648"}],"wp:featuredmedia":[{"embeddable":true,"href":"https:\/\/diariodocomercio.com.br\/mix\/wp-json\/wp\/v2\/media\/18814"}],"wp:attachment":[{"href":"https:\/\/diariodocomercio.com.br\/mix\/wp-json\/wp\/v2\/media?parent=43644"}],"wp:term":[{"taxonomy":"category","embeddable":true,"href":"https:\/\/diariodocomercio.com.br\/mix\/wp-json\/wp\/v2\/categories?post=43644"},{"taxonomy":"post_tag","embeddable":true,"href":"https:\/\/diariodocomercio.com.br\/mix\/wp-json\/wp\/v2\/tags?post=43644"}],"curies":[{"name":"wp","href":"https:\/\/api.w.org\/{rel}","templated":true}]}}