{"id":43649,"date":"2026-04-29T19:34:00","date_gmt":"2026-04-29T22:34:00","guid":{"rendered":"https:\/\/diariodocomercio.com.br\/mix\/?p=43649"},"modified":"2026-04-29T19:09:35","modified_gmt":"2026-04-29T22:09:35","slug":"alerta-para-todos-os-brasileiros-que-andam-de-transporte-publico-novo-golpe-esta-crescendo-no-pais","status":"publish","type":"post","link":"https:\/\/diariodocomercio.com.br\/mix\/alerta-para-todos-os-brasileiros-que-andam-de-transporte-publico-novo-golpe-esta-crescendo-no-pais\/","title":{"rendered":"Alerta para todos os brasileiros que andam de transporte p\u00fablico: novo golpe est\u00e1 crescendo no pa\u00eds"},"content":{"rendered":"\n<p>Uma nova modalidade de golpe registrada em \u00f4nibus da cidade de S\u00e3o Paulo tem acendido o alerta entre passageiros e autoridades de seguran\u00e7a. Criminosos passaram a simular situa\u00e7\u00f5es de v\u00f4mito para distrair v\u00edtimas e furtar celulares e pertences pessoais, em a\u00e7\u00f5es r\u00e1pidas e coordenadas que dificultam a rea\u00e7\u00e3o.<\/p>\n\n\n\n<p>De acordo com a Secretaria da Seguran\u00e7a P\u00fablica, ao menos duas ocorr\u00eancias com esse padr\u00e3o foram registradas nos dias 22 e 25 de abril. Os casos est\u00e3o sob investiga\u00e7\u00e3o do 78\u00ba Distrito Policial (Jardins) e do 28\u00ba Distrito Policial (Freguesia do \u00d3), que buscam identificar os respons\u00e1veis e entender a atua\u00e7\u00e3o do grupo.<\/p>\n\n\n\n<p>Relatos de v\u00edtimas indicam que o crime envolve mais de um suspeito e segue um roteiro semelhante. Um dos criminosos aborda o passageiro informando que h\u00e1 uma subst\u00e2ncia em sua roupa, geralmente descrita como algo parecido com v\u00f4mito. Em meio ao susto, outros integrantes se aproximam, oferecendo ajuda para limpar a sujeira.<\/p>\n\n\n\n<p>\u00c9 nesse momento de confus\u00e3o que ocorre o furto. Em um dos casos relatados, a v\u00edtima percebeu o desaparecimento do celular apenas ap\u00f3s os suspeitos deixarem o \u00f4nibus. Segundo depoimentos, os criminosos agem rapidamente e, em alguns epis\u00f3dios, se comunicam em espanhol para dificultar a compreens\u00e3o da situa\u00e7\u00e3o.<\/p>\n\n\n\n<p>V\u00eddeos publicados nas redes sociais mostram que o golpe pode n\u00e3o ser isolado. Coment\u00e1rios de usu\u00e1rios apontam ocorr\u00eancias semelhantes em diferentes regi\u00f5es da cidade, indicando poss\u00edvel expans\u00e3o da pr\u00e1tica.<\/p>\n\n\n\n<blockquote class=\"instagram-media\" data-instgrm-captioned data-instgrm-permalink=\"https:\/\/www.instagram.com\/reel\/DXm6poqDxIN\/?utm_source=ig_embed&amp;utm_campaign=loading\" data-instgrm-version=\"14\" style=\"background:#FFF;border:0;border-radius:3px;margin: 1px;max-width:540px;min-width:326px;padding:0;width:99.375%;width:-webkit-calc(100% - 2px);width:calc(100% - 2px)\"><div style=\"padding:16px\"> <a href=\"https:\/\/www.instagram.com\/reel\/DXm6poqDxIN\/?utm_source=ig_embed&amp;utm_campaign=loading\" style=\"background:#FFFFFF;line-height:0;padding:0 0;text-align:center;text-decoration:none;width:100%\" target=\"_blank\" rel=\"noopener\"> <div style=\"flex-direction: row;align-items: center\"> <div style=\"background-color: #F4F4F4;border-radius: 50%;flex-grow: 0;height: 40px;margin-right: 14px;width: 40px\"><\/div> <div style=\"flex-direction: column;flex-grow: 1;justify-content: center\"> <div style=\"background-color: #F4F4F4;border-radius: 4px;flex-grow: 0;height: 14px;margin-bottom: 6px;width: 100px\"><\/div> <div style=\"background-color: #F4F4F4;border-radius: 4px;flex-grow: 0;height: 14px;width: 60px\"><\/div><\/div><\/div><div style=\"padding: 19% 0\"><\/div> <div style=\"height:50px;margin:0 auto 12px;width:50px\"><\/div><div style=\"padding-top: 8px\"> <div style=\"color:#3897f0;font-family:Arial,sans-serif;font-size:14px;font-style:normal;font-weight:550;line-height:18px\">Ver essa foto no Instagram<\/div><\/div><div style=\"padding: 12.5% 0\"><\/div> <div style=\"flex-direction: row;margin-bottom: 14px;align-items: center\"><div> <div style=\"background-color: #F4F4F4;border-radius: 50%;height: 12.5px;width: 12.5px\"><\/div> <div style=\"background-color: #F4F4F4;height: 12.5px;width: 12.5px;flex-grow: 0;margin-right: 14px;margin-left: 2px\"><\/div> <div style=\"background-color: #F4F4F4;border-radius: 50%;height: 12.5px;width: 12.5px\"><\/div><\/div><div style=\"margin-left: 8px\"> <div style=\"background-color: #F4F4F4;border-radius: 50%;flex-grow: 0;height: 20px;width: 20px\"><\/div> <div style=\"width: 0;height: 0;border-top: 2px solid transparent;border-left: 6px solid #f4f4f4;border-bottom: 2px solid transparent\"><\/div><\/div><div style=\"margin-left: auto\"> <div style=\"width: 0px;border-top: 8px solid #F4F4F4;border-right: 8px solid transparent\"><\/div> <div style=\"background-color: #F4F4F4;flex-grow: 0;height: 12px;width: 16px\"><\/div> <div style=\"width: 0;height: 0;border-top: 8px solid #F4F4F4;border-left: 8px solid transparent\"><\/div><\/div><\/div> <div style=\"flex-direction: column;flex-grow: 1;justify-content: center;margin-bottom: 24px\"> <div style=\"background-color: #F4F4F4;border-radius: 4px;flex-grow: 0;height: 14px;margin-bottom: 6px;width: 224px\"><\/div> <div style=\"background-color: #F4F4F4;border-radius: 4px;flex-grow: 0;height: 14px;width: 144px\"><\/div><\/div><\/a><p style=\"color:#c9c8cd;font-family:Arial,sans-serif;font-size:14px;line-height:17px;margin-bottom:0;margin-top:8px;overflow:hidden;padding:8px 0 7px;text-align:center;white-space:nowrap\"><a href=\"https:\/\/www.instagram.com\/reel\/DXm6poqDxIN\/?utm_source=ig_embed&amp;utm_campaign=loading\" style=\"color:#c9c8cd;font-family:Arial,sans-serif;font-size:14px;font-style:normal;font-weight:normal;line-height:17px;text-decoration:none\" target=\"_blank\" rel=\"noopener\">Um post compartilhado por Guilherme Giaretta (@guipgiaretta)<\/a><\/p><\/div><\/blockquote>\n<script async src=\"\/\/www.instagram.com\/embed.js\"><\/script>\n\n\n\n<h2 class=\"wp-block-heading\"><strong>N\u00fameros elevados de furtos aumentam preocupa\u00e7\u00e3o<\/strong><\/h2>\n\n\n\n<p>O cen\u00e1rio se agrava diante dos dados j\u00e1 elevados de crimes desse tipo. Em 2025, a cidade de S\u00e3o Paulo registrou mais de 154 mil casos de roubos e furtos de celulares, uma m\u00e9dia de cerca de 17 ocorr\u00eancias por hora.<\/p>\n\n\n\n<p>Regi\u00f5es centrais como Rep\u00fablica, Santa Ifig\u00eania, Liberdade e Jardins concentram grande parte dos registros, seguidas por bairros das zonas Oeste e Sul. Apesar das a\u00e7\u00f5es de combate, como o programa de rastreamento de aparelhos, apenas uma pequena parcela dos celulares \u00e9 recuperada.<\/p>\n\n\n\n<h2 class=\"wp-block-heading\"><strong>Orienta\u00e7\u00f5es das autoridades<\/strong><\/h2>\n\n\n\n<p>Diante do aumento desse tipo de crime, a Secretaria da Seguran\u00e7a P\u00fablica orienta que passageiros redobrem a aten\u00e7\u00e3o durante deslocamentos, especialmente em situa\u00e7\u00f5es inesperadas ou abordagens de desconhecidos.<\/p>\n\n\n\n<p>Em caso de suspeita, a recomenda\u00e7\u00e3o \u00e9 acionar imediatamente a Pol\u00edcia Militar pelo telefone 190 e registrar boletim de ocorr\u00eancia. O registro formal \u00e9 considerado essencial para que as autoridades consigam mapear e combater a atua\u00e7\u00e3o dos criminosos.<\/p>\n\n\n\n<p>A orienta\u00e7\u00e3o principal \u00e9 evitar distra\u00e7\u00f5es em ambientes p\u00fablicos e manter objetos de valor sempre sob vigil\u00e2ncia, especialmente em locais com grande circula\u00e7\u00e3o de pessoas, como o transporte coletivo.<\/p>\n","protected":false},"excerpt":{"rendered":"<p>Uma nova modalidade de golpe registrada em \u00f4nibus da cidade de S\u00e3o Paulo tem acendido o alerta entre passageiros e autoridades de seguran\u00e7a. Criminosos passaram a simular situa\u00e7\u00f5es de v\u00f4mito para distrair v\u00edtimas e furtar celulares e pertences pessoais, em a\u00e7\u00f5es r\u00e1pidas e coordenadas que dificultam a rea\u00e7\u00e3o. De acordo com a Secretaria da Seguran\u00e7a [&hellip;]<\/p>\n","protected":false},"author":9,"featured_media":30458,"comment_status":"closed","ping_status":"closed","sticky":false,"template":"","format":"standard","meta":{"jnews-multi-image_gallery":[],"jnews_single_post":{"format":"standard"},"jnews_primary_category":[],"jnews_social_meta":[],"jnews_override_counter":[],"jnews_post_split":[],"footnotes":""},"categories":[1],"tags":[],"class_list":["post-43649","post","type-post","status-publish","format-standard","has-post-thumbnail","hentry","category-geral"],"_referencia":"","_links":{"self":[{"href":"https:\/\/diariodocomercio.com.br\/mix\/wp-json\/wp\/v2\/posts\/43649","targetHints":{"allow":["GET"]}}],"collection":[{"href":"https:\/\/diariodocomercio.com.br\/mix\/wp-json\/wp\/v2\/posts"}],"about":[{"href":"https:\/\/diariodocomercio.com.br\/mix\/wp-json\/wp\/v2\/types\/post"}],"author":[{"embeddable":true,"href":"https:\/\/diariodocomercio.com.br\/mix\/wp-json\/wp\/v2\/users\/9"}],"replies":[{"embeddable":true,"href":"https:\/\/diariodocomercio.com.br\/mix\/wp-json\/wp\/v2\/comments?post=43649"}],"version-history":[{"count":1,"href":"https:\/\/diariodocomercio.com.br\/mix\/wp-json\/wp\/v2\/posts\/43649\/revisions"}],"predecessor-version":[{"id":43651,"href":"https:\/\/diariodocomercio.com.br\/mix\/wp-json\/wp\/v2\/posts\/43649\/revisions\/43651"}],"wp:featuredmedia":[{"embeddable":true,"href":"https:\/\/diariodocomercio.com.br\/mix\/wp-json\/wp\/v2\/media\/30458"}],"wp:attachment":[{"href":"https:\/\/diariodocomercio.com.br\/mix\/wp-json\/wp\/v2\/media?parent=43649"}],"wp:term":[{"taxonomy":"category","embeddable":true,"href":"https:\/\/diariodocomercio.com.br\/mix\/wp-json\/wp\/v2\/categories?post=43649"},{"taxonomy":"post_tag","embeddable":true,"href":"https:\/\/diariodocomercio.com.br\/mix\/wp-json\/wp\/v2\/tags?post=43649"}],"curies":[{"name":"wp","href":"https:\/\/api.w.org\/{rel}","templated":true}]}}