{"id":43685,"date":"2026-04-30T09:53:06","date_gmt":"2026-04-30T12:53:06","guid":{"rendered":"https:\/\/diariodocomercio.com.br\/mix\/?p=43685"},"modified":"2026-04-30T09:53:09","modified_gmt":"2026-04-30T12:53:09","slug":"lei-ja-esta-em-vigor-no-brasil-e-trabalhadores-terao-3-dias-de-descanso-a-partir-de-agora","status":"publish","type":"post","link":"https:\/\/diariodocomercio.com.br\/mix\/lei-ja-esta-em-vigor-no-brasil-e-trabalhadores-terao-3-dias-de-descanso-a-partir-de-agora\/","title":{"rendered":"Lei j\u00e1 est\u00e1 em vigor no Brasil e trabalhadores ter\u00e3o 3 dias de descanso a partir de agora"},"content":{"rendered":"\n<p>A chegada do Dia do Trabalhador garante, a partir desta quinta-feira, um per\u00edodo prolongado de descanso para milh\u00f5es de brasileiros. Com o feriado nacional na sexta-feira (1\u00ba), trabalhadores que n\u00e3o atuam em servi\u00e7os essenciais poder\u00e3o emendar at\u00e9 tr\u00eas dias consecutivos de folga, dependendo da jornada e da organiza\u00e7\u00e3o das empresas.<\/p>\n\n\n\n<p>A data \u00e9 prevista na legisla\u00e7\u00e3o federal e integra o calend\u00e1rio oficial do pa\u00eds, impactando o funcionamento de reparti\u00e7\u00f5es p\u00fablicas, bancos e parte do com\u00e9rcio, al\u00e9m de assegurar direitos trabalhistas espec\u00edficos para quem for convocado a trabalhar.<\/p>\n\n\n\n<p>Durante o feriado, diversas institui\u00e7\u00f5es suspendem o atendimento presencial. \u00c9 o caso do Instituto Nacional do Seguro Social (INSS), que ter\u00e1 as ag\u00eancias fechadas na sexta-feira, com retomada apenas na segunda-feira (4).<\/p>\n\n\n\n<p>Apesar da pausa, canais digitais seguem operando normalmente. O aplicativo e o site Meu INSS permanecem dispon\u00edveis 24 horas por dia, permitindo consultas, solicita\u00e7\u00f5es de benef\u00edcios e emiss\u00e3o de extratos. J\u00e1 a Central 135 funcionar\u00e1 com atendimento eletr\u00f4nico durante o feriado, retomando o suporte humano no s\u00e1bado (2), das 7h \u00e0s 22h.<\/p>\n\n\n\n<h2 class=\"wp-block-heading\"><strong>Quem trabalha no feriado tem direitos garantidos<\/strong><\/h2>\n\n\n\n<p>Embora o feriado assegure descanso para muitos, nem todas as atividades s\u00e3o interrompidas. Setores considerados essenciais, como sa\u00fade, transporte, seguran\u00e7a, hotelaria e alimenta\u00e7\u00e3o, podem operar normalmente, conforme previsto na Consolida\u00e7\u00e3o das Leis do Trabalho.<\/p>\n\n\n\n<p>Nesses casos, o trabalhador convocado tem direito a compensa\u00e7\u00e3o. A legisla\u00e7\u00e3o prev\u00ea pagamento em dobro pelas horas trabalhadas ou concess\u00e3o de folga em outro dia, conforme acordos coletivos ou pol\u00edticas internas das empresas.<\/p>\n\n\n\n<h2 class=\"wp-block-heading\"><strong>Regras e exce\u00e7\u00f5es previstas na legisla\u00e7\u00e3o<\/strong><\/h2>\n\n\n\n<p>A legisla\u00e7\u00e3o trabalhista estabelece restri\u00e7\u00f5es ao trabalho em feriados, mas admite exce\u00e7\u00f5es quando a atividade n\u00e3o pode ser interrompida por necessidade p\u00fablica ou t\u00e9cnica. Al\u00e9m disso, acordos e conven\u00e7\u00f5es coletivas podem autorizar escalas espec\u00edficas.<\/p>\n\n\n\n<p>O uso do banco de horas tamb\u00e9m \u00e9 permitido, desde que haja previs\u00e3o formal, possibilitando que o tempo trabalhado no feriado seja compensado posteriormente.<\/p>\n","protected":false},"excerpt":{"rendered":"<p>A chegada do Dia do Trabalhador garante, a partir desta quinta-feira, um per\u00edodo prolongado de descanso para milh\u00f5es de brasileiros. Com o feriado nacional na sexta-feira (1\u00ba), trabalhadores que n\u00e3o atuam em servi\u00e7os essenciais poder\u00e3o emendar at\u00e9 tr\u00eas dias consecutivos de folga, dependendo da jornada e da organiza\u00e7\u00e3o das empresas. A data \u00e9 prevista na [&hellip;]<\/p>\n","protected":false},"author":9,"featured_media":25144,"comment_status":"closed","ping_status":"closed","sticky":false,"template":"","format":"standard","meta":{"jnews-multi-image_gallery":[],"jnews_single_post":{"format":"standard"},"jnews_primary_category":[],"jnews_social_meta":[],"jnews_override_counter":[],"jnews_post_split":[],"footnotes":""},"categories":[1],"tags":[],"class_list":["post-43685","post","type-post","status-publish","format-standard","has-post-thumbnail","hentry","category-geral"],"_referencia":"","_links":{"self":[{"href":"https:\/\/diariodocomercio.com.br\/mix\/wp-json\/wp\/v2\/posts\/43685","targetHints":{"allow":["GET"]}}],"collection":[{"href":"https:\/\/diariodocomercio.com.br\/mix\/wp-json\/wp\/v2\/posts"}],"about":[{"href":"https:\/\/diariodocomercio.com.br\/mix\/wp-json\/wp\/v2\/types\/post"}],"author":[{"embeddable":true,"href":"https:\/\/diariodocomercio.com.br\/mix\/wp-json\/wp\/v2\/users\/9"}],"replies":[{"embeddable":true,"href":"https:\/\/diariodocomercio.com.br\/mix\/wp-json\/wp\/v2\/comments?post=43685"}],"version-history":[{"count":1,"href":"https:\/\/diariodocomercio.com.br\/mix\/wp-json\/wp\/v2\/posts\/43685\/revisions"}],"predecessor-version":[{"id":43686,"href":"https:\/\/diariodocomercio.com.br\/mix\/wp-json\/wp\/v2\/posts\/43685\/revisions\/43686"}],"wp:featuredmedia":[{"embeddable":true,"href":"https:\/\/diariodocomercio.com.br\/mix\/wp-json\/wp\/v2\/media\/25144"}],"wp:attachment":[{"href":"https:\/\/diariodocomercio.com.br\/mix\/wp-json\/wp\/v2\/media?parent=43685"}],"wp:term":[{"taxonomy":"category","embeddable":true,"href":"https:\/\/diariodocomercio.com.br\/mix\/wp-json\/wp\/v2\/categories?post=43685"},{"taxonomy":"post_tag","embeddable":true,"href":"https:\/\/diariodocomercio.com.br\/mix\/wp-json\/wp\/v2\/tags?post=43685"}],"curies":[{"name":"wp","href":"https:\/\/api.w.org\/{rel}","templated":true}]}}