{"id":43687,"date":"2026-04-30T10:14:00","date_gmt":"2026-04-30T13:14:00","guid":{"rendered":"https:\/\/diariodocomercio.com.br\/mix\/?p=43687"},"modified":"2026-04-30T09:58:35","modified_gmt":"2026-04-30T12:58:35","slug":"decreto-assinado-por-lula-cria-novo-auxilio-no-brasil-para-os-proximos-10-anos","status":"publish","type":"post","link":"https:\/\/diariodocomercio.com.br\/mix\/decreto-assinado-por-lula-cria-novo-auxilio-no-brasil-para-os-proximos-10-anos\/","title":{"rendered":"Decreto assinado por Lula cria novo aux\u00edlio no Brasil para os pr\u00f3ximos 10 anos"},"content":{"rendered":"\n<p>Entrou em vigor nesta semana um novo conjunto de medidas voltadas ao incentivo \u00e0 leitura no Brasil. O plano, oficializado ap\u00f3s assinatura do presidente Luiz In\u00e1cio Lula da Silva, estabelece diretrizes v\u00e1lidas pelos pr\u00f3ximos dez anos com o objetivo de ampliar o acesso da popula\u00e7\u00e3o a livros e fortalecer pol\u00edticas p\u00fablicas no setor.<\/p>\n\n\n\n<p>O chamado Plano Nacional do Livro e Leitura (PNLL) 2026\u20132036 foi publicado no Di\u00e1rio Oficial da Uni\u00e3o e passa a orientar a\u00e7\u00f5es conjuntas entre governo federal, estados, munic\u00edpios e sociedade civil. A proposta busca tratar o acesso \u00e0 leitura como uma pol\u00edtica estruturante, compar\u00e1vel a um \u201caux\u00edlio indireto\u201d, ao facilitar o contato da popula\u00e7\u00e3o com conte\u00fados educacionais e culturais.<\/p>\n\n\n\n<p>Entre os principais objetivos do plano est\u00e3o a amplia\u00e7\u00e3o do n\u00famero de bibliotecas, a democratiza\u00e7\u00e3o do acesso ao livro e o fortalecimento da forma\u00e7\u00e3o de leitores em diferentes faixas et\u00e1rias. A iniciativa tamb\u00e9m refor\u00e7a o papel da leitura como instrumento de cidadania, desenvolvimento social e econ\u00f4mico.<\/p>\n\n\n\n<p>O documento estabelece princ\u00edpios como a valoriza\u00e7\u00e3o da literatura, o est\u00edmulo \u00e0 escrita criativa e a promo\u00e7\u00e3o do direito ao acesso a materiais de leitura. Al\u00e9m disso, prev\u00ea a\u00e7\u00f5es voltadas \u00e0 redu\u00e7\u00e3o de desigualdades, priorizando grupos com menor acesso a bens culturais.<\/p>\n\n\n\n<h2 class=\"wp-block-heading\"><strong>Plataforma digital amplia oferta gratuita<\/strong><\/h2>\n\n\n\n<p>Como parte da estrat\u00e9gia, o governo tamb\u00e9m expandiu a plataforma digital <a href=\"https:\/\/meclivros.mec.gov.br\/\" target=\"_blank\" rel=\"noopener\">MEC Livros<\/a>, que passou de cerca de 8 mil para mais de 25 mil obras dispon\u00edveis gratuitamente. O sistema funciona como uma biblioteca virtual, permitindo empr\u00e9stimos digitais com prazo determinado.<\/p>\n\n\n\n<p>A ferramenta j\u00e1 re\u00fane centenas de milhares de usu\u00e1rios cadastrados e oferece t\u00edtulos nacionais e internacionais, incluindo lan\u00e7amentos, best-sellers e obras em dom\u00ednio p\u00fablico. Novos mecanismos tamb\u00e9m devem facilitar o empr\u00e9stimo e a devolu\u00e7\u00e3o antecipada dos conte\u00fados, ampliando o acesso.<\/p>\n\n\n\n<h2 class=\"wp-block-heading\"><strong>Implementa\u00e7\u00e3o ser\u00e1 conjunta e monitorada<\/strong><\/h2>\n\n\n\n<p>A execu\u00e7\u00e3o do plano envolve diretamente os minist\u00e9rios da Cultura e da Educa\u00e7\u00e3o, al\u00e9m de \u00f3rg\u00e3os colegiados respons\u00e1veis pela governan\u00e7a e acompanhamento das metas. Estados e munic\u00edpios dever\u00e3o adaptar ou criar planos locais alinhados \u00e0s diretrizes nacionais.<\/p>\n\n\n\n<p>O programa tamb\u00e9m prev\u00ea monitoramento cont\u00ednuo e participa\u00e7\u00e3o da sociedade civil, com integra\u00e7\u00e3o de dados e avalia\u00e7\u00e3o peri\u00f3dica dos resultados. A proposta inclui ainda incentivo \u00e0 participa\u00e7\u00e3o do setor privado e de organiza\u00e7\u00f5es culturais.<\/p>\n\n\n\n<p>Com vig\u00eancia at\u00e9 2036, o plano pretende consolidar o livro como elemento central na forma\u00e7\u00e3o educacional e cultural do pa\u00eds, ampliando o acesso e estimulando h\u00e1bitos de leitura em larga escala.<\/p>\n","protected":false},"excerpt":{"rendered":"<p>Entrou em vigor nesta semana um novo conjunto de medidas voltadas ao incentivo \u00e0 leitura no Brasil. O plano, oficializado ap\u00f3s assinatura do presidente Luiz In\u00e1cio Lula da Silva, estabelece diretrizes v\u00e1lidas pelos pr\u00f3ximos dez anos com o objetivo de ampliar o acesso da popula\u00e7\u00e3o a livros e fortalecer pol\u00edticas p\u00fablicas no setor. O chamado [&hellip;]<\/p>\n","protected":false},"author":9,"featured_media":40526,"comment_status":"closed","ping_status":"closed","sticky":false,"template":"","format":"standard","meta":{"jnews-multi-image_gallery":[],"jnews_single_post":{"format":"standard"},"jnews_primary_category":[],"jnews_social_meta":[],"jnews_override_counter":[],"jnews_post_split":[],"footnotes":""},"categories":[1],"tags":[],"class_list":["post-43687","post","type-post","status-publish","format-standard","has-post-thumbnail","hentry","category-geral"],"_referencia":"","_links":{"self":[{"href":"https:\/\/diariodocomercio.com.br\/mix\/wp-json\/wp\/v2\/posts\/43687","targetHints":{"allow":["GET"]}}],"collection":[{"href":"https:\/\/diariodocomercio.com.br\/mix\/wp-json\/wp\/v2\/posts"}],"about":[{"href":"https:\/\/diariodocomercio.com.br\/mix\/wp-json\/wp\/v2\/types\/post"}],"author":[{"embeddable":true,"href":"https:\/\/diariodocomercio.com.br\/mix\/wp-json\/wp\/v2\/users\/9"}],"replies":[{"embeddable":true,"href":"https:\/\/diariodocomercio.com.br\/mix\/wp-json\/wp\/v2\/comments?post=43687"}],"version-history":[{"count":1,"href":"https:\/\/diariodocomercio.com.br\/mix\/wp-json\/wp\/v2\/posts\/43687\/revisions"}],"predecessor-version":[{"id":43690,"href":"https:\/\/diariodocomercio.com.br\/mix\/wp-json\/wp\/v2\/posts\/43687\/revisions\/43690"}],"wp:featuredmedia":[{"embeddable":true,"href":"https:\/\/diariodocomercio.com.br\/mix\/wp-json\/wp\/v2\/media\/40526"}],"wp:attachment":[{"href":"https:\/\/diariodocomercio.com.br\/mix\/wp-json\/wp\/v2\/media?parent=43687"}],"wp:term":[{"taxonomy":"category","embeddable":true,"href":"https:\/\/diariodocomercio.com.br\/mix\/wp-json\/wp\/v2\/categories?post=43687"},{"taxonomy":"post_tag","embeddable":true,"href":"https:\/\/diariodocomercio.com.br\/mix\/wp-json\/wp\/v2\/tags?post=43687"}],"curies":[{"name":"wp","href":"https:\/\/api.w.org\/{rel}","templated":true}]}}