{"id":43691,"date":"2026-04-30T10:38:00","date_gmt":"2026-04-30T13:38:00","guid":{"rendered":"https:\/\/diariodocomercio.com.br\/mix\/?p=43691"},"modified":"2026-04-30T10:03:13","modified_gmt":"2026-04-30T13:03:13","slug":"caixa-encerra-pagamentos-do-bolsa-familia-e-beneficiarios-sao-avisados","status":"publish","type":"post","link":"https:\/\/diariodocomercio.com.br\/mix\/caixa-encerra-pagamentos-do-bolsa-familia-e-beneficiarios-sao-avisados\/","title":{"rendered":"Caixa encerra pagamentos do Bolsa Fam\u00edlia e benefici\u00e1rios s\u00e3o avisados"},"content":{"rendered":"\n<p>A Caixa Econ\u00f4mica Federal conclui nesta semana o pagamento da parcela de abril do Bolsa Fam\u00edlia. Nesta quinta-feira (30), recebem os benefici\u00e1rios com N\u00famero de Inscri\u00e7\u00e3o Social (NIS) de final 0, encerrando o calend\u00e1rio mensal do programa.<\/p>\n\n\n\n<p>O benef\u00edcio mant\u00e9m o valor m\u00ednimo de R$ 600, mas, com os adicionais pagos a fam\u00edlias em situa\u00e7\u00f5es espec\u00edficas, o valor m\u00e9dio subiu para R$ 678,22. Ao todo, cerca de 18,9 milh\u00f5es de fam\u00edlias foram atendidas neste m\u00eas, com repasses que somam R$ 12,8 bilh\u00f5es, segundo o governo federal.<\/p>\n\n\n\n<p>Al\u00e9m do valor base, o programa inclui pagamentos extras voltados a p\u00fablicos priorit\u00e1rios. Entre eles est\u00e1 o Benef\u00edcio Vari\u00e1vel Familiar Nutriz, que garante seis parcelas de R$ 50 para m\u00e3es de beb\u00eas de at\u00e9 seis meses.<\/p>\n\n\n\n<p>Tamb\u00e9m h\u00e1 acr\u00e9scimos de R$ 50 para gestantes e nutrizes, al\u00e9m de R$ 50 por filho entre 7 e 18 anos. Fam\u00edlias com crian\u00e7as de at\u00e9 6 anos recebem um adicional maior, de R$ 150 por crian\u00e7a, refor\u00e7ando o suporte \u00e0 primeira inf\u00e2ncia.<\/p>\n\n\n\n<p>Neste m\u00eas, parte dos benefici\u00e1rios recebeu os valores de forma antecipada. A medida alcan\u00e7ou moradores de 173 munic\u00edpios em 11 estados, incluindo regi\u00f5es afetadas por seca, enchentes ou com popula\u00e7\u00f5es em situa\u00e7\u00e3o de vulnerabilidade.<\/p>\n\n\n\n<p>Nesses casos, o pagamento foi unificado e liberado independentemente do final do NIS, permitindo acesso imediato aos recursos para mais de 731 mil fam\u00edlias.<\/p>\n\n\n\n<h2 class=\"wp-block-heading\"><strong>Regra de prote\u00e7\u00e3o mant\u00e9m aux\u00edlio parcial<\/strong><\/h2>\n\n\n\n<p>O programa tamb\u00e9m mant\u00e9m a chamada regra de prote\u00e7\u00e3o, que permite a continuidade parcial do benef\u00edcio para fam\u00edlias que aumentaram a renda. Atualmente, cerca de 2,34 milh\u00f5es de lares est\u00e3o nessa condi\u00e7\u00e3o.<\/p>\n\n\n\n<p>A regra garante o pagamento de 50% do valor do benef\u00edcio por per\u00edodo determinado, desde que a renda por pessoa n\u00e3o ultrapasse o limite estabelecido. Para novos casos, o prazo foi reduzido para um ano, enquanto fam\u00edlias inclu\u00eddas anteriormente seguem com o per\u00edodo de dois anos.<\/p>\n\n\n\n<h2 class=\"wp-block-heading\"><strong>Consulta pode ser feita por aplicativo<\/strong><\/h2>\n\n\n\n<p>Os benefici\u00e1rios podem acompanhar datas, valores e composi\u00e7\u00e3o do pagamento por meio do aplicativo Caixa Tem, que centraliza as informa\u00e7\u00f5es das contas digitais utilizadas para o recebimento.<\/p>\n\n\n\n<p>Com o encerramento dos pagamentos de abril, o pr\u00f3ximo calend\u00e1rio do programa deve seguir o modelo tradicional, com dep\u00f3sitos realizados nos \u00faltimos dias \u00fateis de cada m\u00eas, conforme o n\u00famero final do NIS.<\/p>\n","protected":false},"excerpt":{"rendered":"<p>A Caixa Econ\u00f4mica Federal conclui nesta semana o pagamento da parcela de abril do Bolsa Fam\u00edlia. Nesta quinta-feira (30), recebem os benefici\u00e1rios com N\u00famero de Inscri\u00e7\u00e3o Social (NIS) de final 0, encerrando o calend\u00e1rio mensal do programa. O benef\u00edcio mant\u00e9m o valor m\u00ednimo de R$ 600, mas, com os adicionais pagos a fam\u00edlias em situa\u00e7\u00f5es [&hellip;]<\/p>\n","protected":false},"author":9,"featured_media":5975,"comment_status":"closed","ping_status":"closed","sticky":false,"template":"","format":"standard","meta":{"jnews-multi-image_gallery":[],"jnews_single_post":{"format":"standard"},"jnews_primary_category":[],"jnews_social_meta":[],"jnews_override_counter":[],"jnews_post_split":[],"footnotes":""},"categories":[1],"tags":[],"class_list":["post-43691","post","type-post","status-publish","format-standard","has-post-thumbnail","hentry","category-geral"],"_referencia":"","_links":{"self":[{"href":"https:\/\/diariodocomercio.com.br\/mix\/wp-json\/wp\/v2\/posts\/43691","targetHints":{"allow":["GET"]}}],"collection":[{"href":"https:\/\/diariodocomercio.com.br\/mix\/wp-json\/wp\/v2\/posts"}],"about":[{"href":"https:\/\/diariodocomercio.com.br\/mix\/wp-json\/wp\/v2\/types\/post"}],"author":[{"embeddable":true,"href":"https:\/\/diariodocomercio.com.br\/mix\/wp-json\/wp\/v2\/users\/9"}],"replies":[{"embeddable":true,"href":"https:\/\/diariodocomercio.com.br\/mix\/wp-json\/wp\/v2\/comments?post=43691"}],"version-history":[{"count":2,"href":"https:\/\/diariodocomercio.com.br\/mix\/wp-json\/wp\/v2\/posts\/43691\/revisions"}],"predecessor-version":[{"id":43694,"href":"https:\/\/diariodocomercio.com.br\/mix\/wp-json\/wp\/v2\/posts\/43691\/revisions\/43694"}],"wp:featuredmedia":[{"embeddable":true,"href":"https:\/\/diariodocomercio.com.br\/mix\/wp-json\/wp\/v2\/media\/5975"}],"wp:attachment":[{"href":"https:\/\/diariodocomercio.com.br\/mix\/wp-json\/wp\/v2\/media?parent=43691"}],"wp:term":[{"taxonomy":"category","embeddable":true,"href":"https:\/\/diariodocomercio.com.br\/mix\/wp-json\/wp\/v2\/categories?post=43691"},{"taxonomy":"post_tag","embeddable":true,"href":"https:\/\/diariodocomercio.com.br\/mix\/wp-json\/wp\/v2\/tags?post=43691"}],"curies":[{"name":"wp","href":"https:\/\/api.w.org\/{rel}","templated":true}]}}