{"id":43700,"date":"2026-04-30T16:01:00","date_gmt":"2026-04-30T19:01:00","guid":{"rendered":"https:\/\/diariodocomercio.com.br\/mix\/?p=43700"},"modified":"2026-04-30T11:08:09","modified_gmt":"2026-04-30T14:08:09","slug":"jovens-nascidos-a-partir-de-2008-terao-que-cumprir-servico-militar-obrigatorio-com-salario-minimo-neste-pais","status":"publish","type":"post","link":"https:\/\/diariodocomercio.com.br\/mix\/jovens-nascidos-a-partir-de-2008-terao-que-cumprir-servico-militar-obrigatorio-com-salario-minimo-neste-pais\/","title":{"rendered":"Jovens nascidos a partir de 2008 ter\u00e3o que cumprir servi\u00e7o militar obrigat\u00f3rio com sal\u00e1rio m\u00ednimo neste pa\u00eds"},"content":{"rendered":"\n<p>Na Col\u00f4mbia, a partir dos 18 anos, jovens s\u00e3o convocados para o servi\u00e7o militar obrigat\u00f3rio \u2014 e sim, os nascidos em 2008 est\u00e3o completando essa idade em 2026, pode se sentir velho. A remunera\u00e7\u00e3o inicial \u00e9 um sal\u00e1rio m\u00ednimo, que \u00e9 de 1.750.905 pesos colombianos em 2026, o equivalente a cerca de R$ 2,4 mil na cota\u00e7\u00e3o atual.<\/p>\n\n\n\n<p>Ao completar 18 anos, os homens do pa\u00eds precisam comparecer perante \u00e0s autoridades, em processo que determina se eles ser\u00e3o incorporados ao Ex\u00e9rcito Nacional, \u00e0 Marinha, \u00e0 For\u00e7a A\u00e9rea ou se eles podem se enquadrar em alguma isen\u00e7\u00e3o prevista por lei. Assim como no Brasil, as mulheres n\u00e3o s\u00e3o obrigadas, mas podem se alistar voluntariamente.<\/p>\n\n\n\n<h2 class=\"wp-block-heading\">Col\u00f4mbia: quem est\u00e1 isento do servi\u00e7o militar obrigat\u00f3rio?<\/h2>\n\n\n\n<p>De acordo com o Minist\u00e9rio de Justi\u00e7a e do Direito colombiano, para estar isento, voc\u00ea precisa se encaixar em algum dos seguintes crit\u00e9rios:<\/p>\n\n\n\n<ul class=\"wp-block-list\">\n<li>Ser filho \u00fanico.<\/li>\n\n\n\n<li>Ser \u00f3rf\u00e3o de pai ou m\u00e3e que sustente, com seu trabalho, a subsist\u00eancia de irm\u00e3os incapazes de se manter.<\/li>\n\n\n\n<li>Filho de pais em condi\u00e7\u00e3o de incapacidade para trabalhar ou maiores de 60 anos (que n\u00e3o possuam renda, pens\u00e3o ou meios de subsist\u00eancia).<\/li>\n\n\n\n<li>Irm\u00e3o ou filho de pessoa que tenha morrido ou adquirido incapacidade absoluta e permanente em combate, em atos de servi\u00e7o ou em decorr\u00eancia destes, durante a presta\u00e7\u00e3o do servi\u00e7o militar obrigat\u00f3rio.<\/li>\n\n\n\n<li>Filhos de oficiais, suboficiais, soldados e fuzileiros navais profissionais, agentes, pessoal do n\u00edvel executivo e da for\u00e7a p\u00fablica que tenham falecido, ou que tenham sido declarados inv\u00e1lidos por \u00f3rg\u00e3os e autoridades m\u00e9dico-periciais militares ou policiais, em combate ou em atos de servi\u00e7o.<\/li>\n\n\n\n<li>Cl\u00e9rigos e religiosos, de acordo com os acordos concordat\u00e1rios vigentes.<\/li>\n\n\n\n<li>Pessoas casadas que mantenham vida conjugal.<\/li>\n\n\n\n<li>Pessoas que comprovem a exist\u00eancia de uni\u00e3o est\u00e1vel legalmente reconhecida.<\/li>\n\n\n\n<li>Pessoas com defici\u00eancia.<\/li>\n\n\n\n<li>Ind\u00edgenas.<\/li>\n\n\n\n<li>Mulheres transg\u00eanero.<\/li>\n\n\n\n<li>V\u00edtimas do conflito armado.<\/li>\n\n\n\n<li>Cidad\u00e3os inclu\u00eddos no programa de prote\u00e7\u00e3o a v\u00edtimas e testemunhas da Procuradoria-Geral da Na\u00e7\u00e3o.<\/li>\n\n\n\n<li>Cidad\u00e3os objetores de consci\u00eancia.<\/li>\n\n\n\n<li>Cidad\u00e3os desmobilizados.<\/li>\n\n\n\n<li>Pai de fam\u00edlia.<\/li>\n<\/ul>\n\n\n\n<style>@media (min-width: 992px) {\n    .recomendadorV2Area1 {\n        width: 280px;\n    }\n    .recomendadorV2Area2 {\n        padding: 0px 20px;\n        width: calc(100% - 280px);\n    }\n}\n\n@media (max-width: 992px) {\n    .recomendadorV2Button {\n        margin: 0 auto;\n    }\n    .recomendadorV2Area {\n        flex-direction: column;\n        text-align: center;\n    }\n    .recomendadorV2Area2 {\n        padding: 0px 20px;\n    }\n}\n\n.recomendadorV2Area {\n    background: #eeeeee3d;\n    border-radius: 10px;\n    padding: 15px;\n    display: flex;\n    margin: 15px auto;\n    border: 1px solid #00000014;\n    max-width: 800px;\n}\n\n.recomendadorV2Area1 img {\n    width: 280px;\n    height: auto;\n    border-radius: 8px;\n}\n\n.linkrecomendadorv2 {\n    text-decoration: none !important;\n}\n\n.recomendadorV2Area2 .recomendadorV2Type {\n    text-transform: uppercase;\n    font-weight: 500;\n    font-size: 11px;\n    letter-spacing: 2px;\n    color: #666;\n    margin: 12px 0;\n    display: block;\n}\n\n.recomendadorV2Title h2 {\n    padding-top: 0px !important;\n    margin: 0px !important;\n    border-left: none !important;\n    padding-left: 0px !important;\n    line-height: 1.3;\n    color: #000 !important;\n    font-size: 24px;\n    margin-bottom: 12px !important;\n}\n\n.recomendadorV2Desc {\n    color: #333;\n    margin: 12px 0px !important;\n    font-size: 15px;\n    line-height: 1.5;\n}\n\n.recomendadorV2Button {\n    width: auto;\n    max-width: 200px;\n    margin: 0;\n    display: inline-flex;\n    align-items: center;\n    background: #1D3557;\n    border-radius: 8px;\n    color: #fff;\n    height: 36px;\n    justify-content: center;\n    text-align: center;\n    font-size: 14px;\n    padding: 0 20px;\n    transition: background-color 0.2s ease;\n}\n\n.recomendadorV2Button:hover {\n    background: #2a4d7a;\n}\n\n.recomendadorV2Button:after {\n    margin-top: -2px;\n    content: \"\u2192\";\n    padding: 0px 0px 0px 8px;\n}\n\n.recomendadorV2Alert {\n    text-align: left;\n    font-size: 11px;\n    margin-top: 8px;\n    color: #666;\n}\n\n.recomendadorFixedArea {\n    width: 100%;\n    display: flex;\n    justify-content: center;\n    align-items: center;\n}\n\n@media (min-width: 992px) {\n    #recomendadorFixed {\n        width: 32% !important;\n        left: 5%;\n    }\n    .recomendadorCloseFixed{\n        right: inherit !important;\n        left: 378px !important;\n    }\n}\n\n#recomendadorFixed {\n    width: 90%;\n    box-shadow: 0 10px 20px 0px #00000057;\n    display: none;\n    height: 90px;\n    background: #F6F6F6;\n    position: fixed;\n    flex-direction: row;\n    bottom: 10px;\n    z-index: 9999;\n    border-radius: 16px;\n    padding: 7px 10px;\n}\n\n.recomendadorLeftArea {\n    width: 160px;\n}\n\n.recomendadorRightArea h2 {\n    padding-top: 0px;\n    margin: 2px 0px 4px 0px !important;\n    font-weight: 400;\n    text-align: center;\n    padding-left: 0px !important;\n    color: #000 !important;\n    border-left: none !important;\n    line-height: 20px;\n    font-size: 12px !important;\n}\n\n.recomendadorImgFixed {\n    overflow: hidden;\n    padding: 8px 6px;\n    height: 100%;\n}\n\n.recomendadorImgFixed img {\n    height: 100% !important;\n    border-radius: 16px;\n}\n\n.recomendadorRightArea {\n    padding-top: 6px;\n    display: flex;\n    width: calc(100% - 130px);\n    justify-content: space-between;\n    align-items: center;\n    flex-direction: column;\n}\n\n.recomendadorButtonFixed {\n    margin: 0 auto;\n    background: #1D3557;\n    width: 80%;\n    text-align: center;\n    font-size: 10px;\n    color: #FFF;\n    padding: 2px 10px;\n    border-radius: 3px;\n}\n\n.recomendadorButtonFixed:after {\n    margin-top: -3px;\n    content: \"\u2192\";\n    padding: 0px 0px 0px 10px;\n}\n\n.recomendadorAlertFixed {\n    font-weight: 400;\n    text-align: center;\n    color: #484848;\n    font-size: 8px;\n}\n\n.recomendadorCloseFixed {\n    z-index: 99999;\n    display: none;\n    right: 0px;\n    left: inherit;\n    bottom: 99px;\n    position: fixed;\n    justify-content: center;\n    background: #F6F6F6;\n    width: 25px;\n    align-items: center;\n    height: 25px;\n    font-weight: 800;\n    border-radius: 50%;\n    border: 1px solid #EBEBEB;\n}\n\n.recomendadorV2Desc{\n    color: #000000;\n    margin: 20px 0px;\n}\n\n@media (max-width: 576px) {\n    .recomendadorV2Area {\n      padding: 10px;\n      max-width: 100%;\n    }\n  \n    .recomendadorV2Area1 img {\n      width: 100%;\n      border-radius: 6px;\n    }\n  \n    .recomendadorV2Area2 .recomendadorV2Type {\n      font-size: 9px;\n      letter-spacing: 1px;\n      margin: 8px 0;\n    }\n  \n    .recomendadorV2Title h2 {\n      font-size: 18px !important;\n      margin-bottom: 8px !important;\n      line-height: 1.2;\n    }\n  \n    .recomendadorV2Desc {\n      font-size: 14px;\n      margin: 8px 0 !important;\n      line-height: 1.4;\n    }\n  \n    .recomendadorV2Button {\n      font-size: 14px;\n      height: 40px;\n      padding: 0 12px;\n      max-width: 100%;\n      width: 100%;\n    }\n  \n    .recomendadorV2Button:after {\n      padding-left: 6px;\n    }\n  }\n  <\/style>\n        <div class=\"lazyblock-recomendador-v2-2jDGz wp-block-lazyblock-recomendador-v2\">\n        <a class=\"linkrecomendadorv2\" href=\"https:\/\/diariodocomercio.com.br\/mix\/governo-antecipa-decisao-e-vai-proibir-apostas-no-brasil\/\">\n            <div class=\"recomendadorV2Area\">\n            <div class=\"recomendadorV2Area1\">\n                <div class=\"recomendadorV2Img\">\n                <img class=\"lazyloaded\" decoding=\"async\" src=\"https:\/\/diariodocomercio.com.br\/mix\/wp-content\/uploads\/2026\/04\/apostas-online.jpg\" data-src=\"https:\/\/diariodocomercio.com.br\/mix\/wp-content\/uploads\/2026\/04\/apostas-online.jpg\" alt=\"\">\n                <\/div>\n            <\/div>\n            <div class=\"recomendadorV2Area2\">\n                <div class=\"recomendadorV2Type\">\n                    <span>APOSTAS<\/span>\n                <\/div>\n                <div class=\"recomendadorV2Title\">\n                <h2><span>Governo antecipa decis\u00e3o e vai proibir apostas no Brasil<\/span><\/h2>\n                <\/div>\n                <div class=\"recomendadorV2Desc\">\n                <span>A crescente popularidade das plataformas de apostas online, a chamada &quot;epidemia das bets&quot;, tem sido uma das principais preocupa\u00e7\u00f5es do \u2026<\/span>\n                <\/div>\n                <div class=\"recomendadorV2Button\">Leia mais<\/div>\n                <div class=\"recomendadorV2Alert\"><\/div>\n            <\/div>\n            <\/div>\n        <\/a>\n        <div>\n            <div style=\"z-index:99999;\" id=\"buttonClose\" onclick=\"closeRecomendadorFixed()\">\n            <div class=\"recomendadorCloseFixed\">X<\/div>\n            <\/div>\n            <a href=\"https:\/\/diariodocomercio.com.br\/mix\/governo-antecipa-decisao-e-vai-proibir-apostas-no-brasil\/\">\n            <div class=\"recomendadorFixedArea\">\n                <div id=\"recomendadorFixed\">\n                <div class=\"recomendadorLeftArea\">\n                    <div class=\"recomendadorImgFixed\">\n                    <img class=\"lazyload\" decoding=\"async\" src=\"https:\/\/diariodocomercio.com.br\/mix\/wp-content\/uploads\/2026\/04\/apostas-online.jpg\" alt=\"\">\n                    <\/div>\n                <\/div>\n                <div class=\"recomendadorRightArea\">\n                    <div class=\"recomendadorTitleFixed\">\n                    <h2><span>Governo antecipa decis\u00e3o e vai proibir apostas no Brasil<\/span><\/h2>\n                    <\/div>\n                    <div class=\"recomendadorButtonFixed\">Leia mais<\/div>\n                    <div class=\"recomendadorAlertFixed\"><\/div>\n                <\/div>\n                <\/div>\n            <\/div>\n            <\/a>\n        <\/div>\n        <\/div>\n","protected":false},"excerpt":{"rendered":"<p>Na Col\u00f4mbia, a partir dos 18 anos, jovens s\u00e3o convocados para o servi\u00e7o militar obrigat\u00f3rio \u2014 e sim, os nascidos em 2008 est\u00e3o completando essa idade em 2026, pode se sentir velho. A remunera\u00e7\u00e3o inicial \u00e9 um sal\u00e1rio m\u00ednimo, que \u00e9 de 1.750.905 pesos colombianos em 2026, o equivalente a cerca de R$ 2,4 mil [&hellip;]<\/p>\n","protected":false},"author":6,"featured_media":31418,"comment_status":"closed","ping_status":"closed","sticky":false,"template":"","format":"standard","meta":{"jnews-multi-image_gallery":[],"jnews_single_post":{"format":"standard"},"jnews_primary_category":[],"jnews_social_meta":[],"jnews_override_counter":[],"jnews_post_split":[],"footnotes":""},"categories":[1],"tags":[],"class_list":["post-43700","post","type-post","status-publish","format-standard","has-post-thumbnail","hentry","category-geral"],"_referencia":"","_links":{"self":[{"href":"https:\/\/diariodocomercio.com.br\/mix\/wp-json\/wp\/v2\/posts\/43700","targetHints":{"allow":["GET"]}}],"collection":[{"href":"https:\/\/diariodocomercio.com.br\/mix\/wp-json\/wp\/v2\/posts"}],"about":[{"href":"https:\/\/diariodocomercio.com.br\/mix\/wp-json\/wp\/v2\/types\/post"}],"author":[{"embeddable":true,"href":"https:\/\/diariodocomercio.com.br\/mix\/wp-json\/wp\/v2\/users\/6"}],"replies":[{"embeddable":true,"href":"https:\/\/diariodocomercio.com.br\/mix\/wp-json\/wp\/v2\/comments?post=43700"}],"version-history":[{"count":1,"href":"https:\/\/diariodocomercio.com.br\/mix\/wp-json\/wp\/v2\/posts\/43700\/revisions"}],"predecessor-version":[{"id":43703,"href":"https:\/\/diariodocomercio.com.br\/mix\/wp-json\/wp\/v2\/posts\/43700\/revisions\/43703"}],"wp:featuredmedia":[{"embeddable":true,"href":"https:\/\/diariodocomercio.com.br\/mix\/wp-json\/wp\/v2\/media\/31418"}],"wp:attachment":[{"href":"https:\/\/diariodocomercio.com.br\/mix\/wp-json\/wp\/v2\/media?parent=43700"}],"wp:term":[{"taxonomy":"category","embeddable":true,"href":"https:\/\/diariodocomercio.com.br\/mix\/wp-json\/wp\/v2\/categories?post=43700"},{"taxonomy":"post_tag","embeddable":true,"href":"https:\/\/diariodocomercio.com.br\/mix\/wp-json\/wp\/v2\/tags?post=43700"}],"curies":[{"name":"wp","href":"https:\/\/api.w.org\/{rel}","templated":true}]}}