{"id":43702,"date":"2026-04-30T11:14:08","date_gmt":"2026-04-30T14:14:08","guid":{"rendered":"https:\/\/diariodocomercio.com.br\/mix\/?p=43702"},"modified":"2026-04-30T11:14:20","modified_gmt":"2026-04-30T14:14:20","slug":"regra-entra-em-vigor-e-novo-documento-sera-exigido-de-brasileiros-a-partir-de-setembro-de-2026","status":"publish","type":"post","link":"https:\/\/diariodocomercio.com.br\/mix\/regra-entra-em-vigor-e-novo-documento-sera-exigido-de-brasileiros-a-partir-de-setembro-de-2026\/","title":{"rendered":"Regra entra em vigor e novo documento ser\u00e1 exigido de brasileiros a partir de setembro de 2026"},"content":{"rendered":"\n<p>Uma nova regra tribut\u00e1ria j\u00e1 tem data para entrar em vigor no Brasil e deve alterar a rotina de milhares de empreendedores. A partir de 1\u00ba de setembro de 2026, micro e pequenas empresas enquadradas no Simples Nacional ser\u00e3o obrigadas a emitir notas fiscais de servi\u00e7os exclusivamente por meio de um <a href=\"https:\/\/www.nfse.gov.br\/EmissorNacional\/Login?ReturnUrl=%2fEmissorNacional\" target=\"_blank\" rel=\"noopener\">sistema nacional unificado<\/a>.<\/p>\n\n\n\n<p>A medida foi definida pelo Comit\u00ea Gestor do Simples Nacional e determina o uso do Emissor Nacional da Nota Fiscal de Servi\u00e7o eletr\u00f4nica, substituindo os sistemas pr\u00f3prios atualmente utilizados por cada munic\u00edpio.<\/p>\n\n\n\n<p>Hoje, cada cidade brasileira possui seu pr\u00f3prio modelo de emiss\u00e3o de nota fiscal de servi\u00e7os, o que gera dificuldades principalmente para empresas que atuam em diferentes localidades. Com a nova regra, todas as opera\u00e7\u00f5es passar\u00e3o a ser registradas em um \u00fanico ambiente nacional.<\/p>\n\n\n\n<p>A obrigatoriedade atinge microempresas (ME), empresas de pequeno porte (EPP) e tamb\u00e9m neg\u00f3cios que ainda aguardam an\u00e1lise para ingresso no regime. Em alguns casos, empresas com pend\u00eancias administrativas tamb\u00e9m poder\u00e3o ser inclu\u00eddas na nova exig\u00eancia.<\/p>\n\n\n\n<p>A mudan\u00e7a, no entanto, vale apenas para servi\u00e7os tributados pelo ISS. Opera\u00e7\u00f5es com mercadorias, que envolvem ICMS, continuam seguindo os sistemas estaduais j\u00e1 existentes.<\/p>\n\n\n\n<h2 class=\"wp-block-heading\"><strong>Integra\u00e7\u00e3o de dados e redu\u00e7\u00e3o de burocracia<\/strong><\/h2>\n\n\n\n<p>Com a centraliza\u00e7\u00e3o da emiss\u00e3o, os dados fiscais passar\u00e3o a ser compartilhados automaticamente entre Uni\u00e3o, estados e munic\u00edpios. A expectativa do governo \u00e9 reduzir a burocracia e facilitar o cumprimento das obriga\u00e7\u00f5es tribut\u00e1rias.<\/p>\n\n\n\n<p>Entre os principais benef\u00edcios apontados est\u00e3o a padroniza\u00e7\u00e3o nacional das notas, a simplifica\u00e7\u00e3o para empresas que atuam em v\u00e1rias cidades e a maior efici\u00eancia na fiscaliza\u00e7\u00e3o.<\/p>\n\n\n\n<p>Na pr\u00e1tica, os empreendedores poder\u00e3o emitir os documentos por meio de um portal online ou integrar seus sistemas de gest\u00e3o diretamente ao ambiente nacional, via tecnologia de conex\u00e3o autom\u00e1tica.<\/p>\n\n\n\n<p>Apesar de a obrigatoriedade come\u00e7ar apenas em setembro de 2026, especialistas apontam que empresas devem se preparar com anteced\u00eancia, ajustando sistemas internos e processos de emiss\u00e3o.<\/p>\n","protected":false},"excerpt":{"rendered":"<p>Uma nova regra tribut\u00e1ria j\u00e1 tem data para entrar em vigor no Brasil e deve alterar a rotina de milhares de empreendedores. A partir de 1\u00ba de setembro de 2026, micro e pequenas empresas enquadradas no Simples Nacional ser\u00e3o obrigadas a emitir notas fiscais de servi\u00e7os exclusivamente por meio de um sistema nacional unificado. A [&hellip;]<\/p>\n","protected":false},"author":9,"featured_media":6554,"comment_status":"closed","ping_status":"closed","sticky":false,"template":"","format":"standard","meta":{"jnews-multi-image_gallery":[],"jnews_single_post":{"format":"standard"},"jnews_primary_category":[],"jnews_social_meta":[],"jnews_override_counter":[],"jnews_post_split":[],"footnotes":""},"categories":[1],"tags":[],"class_list":["post-43702","post","type-post","status-publish","format-standard","has-post-thumbnail","hentry","category-geral"],"_referencia":"","_links":{"self":[{"href":"https:\/\/diariodocomercio.com.br\/mix\/wp-json\/wp\/v2\/posts\/43702","targetHints":{"allow":["GET"]}}],"collection":[{"href":"https:\/\/diariodocomercio.com.br\/mix\/wp-json\/wp\/v2\/posts"}],"about":[{"href":"https:\/\/diariodocomercio.com.br\/mix\/wp-json\/wp\/v2\/types\/post"}],"author":[{"embeddable":true,"href":"https:\/\/diariodocomercio.com.br\/mix\/wp-json\/wp\/v2\/users\/9"}],"replies":[{"embeddable":true,"href":"https:\/\/diariodocomercio.com.br\/mix\/wp-json\/wp\/v2\/comments?post=43702"}],"version-history":[{"count":1,"href":"https:\/\/diariodocomercio.com.br\/mix\/wp-json\/wp\/v2\/posts\/43702\/revisions"}],"predecessor-version":[{"id":43706,"href":"https:\/\/diariodocomercio.com.br\/mix\/wp-json\/wp\/v2\/posts\/43702\/revisions\/43706"}],"wp:featuredmedia":[{"embeddable":true,"href":"https:\/\/diariodocomercio.com.br\/mix\/wp-json\/wp\/v2\/media\/6554"}],"wp:attachment":[{"href":"https:\/\/diariodocomercio.com.br\/mix\/wp-json\/wp\/v2\/media?parent=43702"}],"wp:term":[{"taxonomy":"category","embeddable":true,"href":"https:\/\/diariodocomercio.com.br\/mix\/wp-json\/wp\/v2\/categories?post=43702"},{"taxonomy":"post_tag","embeddable":true,"href":"https:\/\/diariodocomercio.com.br\/mix\/wp-json\/wp\/v2\/tags?post=43702"}],"curies":[{"name":"wp","href":"https:\/\/api.w.org\/{rel}","templated":true}]}}