{"id":43707,"date":"2026-04-30T11:44:00","date_gmt":"2026-04-30T14:44:00","guid":{"rendered":"https:\/\/diariodocomercio.com.br\/mix\/?p=43707"},"modified":"2026-04-30T11:21:40","modified_gmt":"2026-04-30T14:21:40","slug":"salario-minimo-de-r-1-842-ja-foi-aprovado-no-brasil-e-trabalhadores-sentem-nova-realidade-no-pais","status":"publish","type":"post","link":"https:\/\/diariodocomercio.com.br\/mix\/salario-minimo-de-r-1-842-ja-foi-aprovado-no-brasil-e-trabalhadores-sentem-nova-realidade-no-pais\/","title":{"rendered":"Sal\u00e1rio m\u00ednimo de R$ 1.842 j\u00e1 foi aprovado no Brasil e trabalhadores sentem nova realidade no pa\u00eds"},"content":{"rendered":"\n<p>A Assembleia Legislativa de Santa Catarina aprovou o reajuste do sal\u00e1rio m\u00ednimo regional no estado, elevando os valores para at\u00e9 R$ 2.106 em 2026. A medida estabelece um novo piso inicial de R$ 1.842 para determinadas categorias e segue agora para san\u00e7\u00e3o do governo estadual.<\/p>\n\n\n\n<p>O aumento m\u00e9dio aprovado \u00e9 de 6,49% e ser\u00e1 aplicado de forma retroativa a 1\u00ba de janeiro deste ano. Os valores s\u00e3o divididos em quatro faixas salariais, conforme o setor de atua\u00e7\u00e3o dos trabalhadores.<\/p>\n\n\n\n<p>Com a nova proposta, o piso regional passa a ser distribu\u00eddo da seguinte forma:<\/p>\n\n\n\n<ul class=\"wp-block-list\">\n<li>R$ 1.842 para atividades como agricultura, constru\u00e7\u00e3o civil e trabalho dom\u00e9stico<\/li>\n\n\n\n<li>R$ 1.980 para setores como vestu\u00e1rio, comunica\u00e7\u00e3o e com\u00e9rcio editorial<\/li>\n\n\n\n<li>R$ 2.022 para \u00e1reas industriais, com\u00e9rcio em geral e alimenta\u00e7\u00e3o<\/li>\n\n\n\n<li>R$ 2.106 para segmentos como metalurgia, sa\u00fade, tecnologia e transporte<\/li>\n<\/ul>\n\n\n\n<p>Os valores foram definidos a partir de negocia\u00e7\u00f5es entre representantes de trabalhadores e empres\u00e1rios e aprovados por unanimidade no legislativo estadual.<\/p>\n\n\n<div class=\"wp-block-image\">\n<figure class=\"aligncenter size-large\"><img decoding=\"async\" width=\"1200\" height=\"675\" src=\"https:\/\/diariodocomercio.com.br\/mix\/wp-content\/uploads\/2026\/04\/image-191-1200x675.png\" alt=\"\" class=\"wp-image-43708\" srcset=\"https:\/\/diariodocomercio.com.br\/mix\/wp-content\/uploads\/2026\/04\/image-191-1200x675.png 1200w, https:\/\/diariodocomercio.com.br\/mix\/wp-content\/uploads\/2026\/04\/image-191-300x169.png 300w, https:\/\/diariodocomercio.com.br\/mix\/wp-content\/uploads\/2026\/04\/image-191-768x432.png 768w, https:\/\/diariodocomercio.com.br\/mix\/wp-content\/uploads\/2026\/04\/image-191-150x84.png 150w, https:\/\/diariodocomercio.com.br\/mix\/wp-content\/uploads\/2026\/04\/image-191-750x422.png 750w, https:\/\/diariodocomercio.com.br\/mix\/wp-content\/uploads\/2026\/04\/image-191-1140x641.png 1140w, https:\/\/diariodocomercio.com.br\/mix\/wp-content\/uploads\/2026\/04\/image-191.png 1280w\" sizes=\"(max-width: 1200px) 100vw, 1200px\" \/><figcaption class=\"wp-element-caption\">Foto: (Reprodu\u00e7\u00e3o\/Alesc)<\/figcaption><\/figure>\n<\/div>\n\n\n<h2 class=\"wp-block-heading\"><strong>Diferen\u00e7a em rela\u00e7\u00e3o ao m\u00ednimo nacional<\/strong><\/h2>\n\n\n\n<p>O reajuste refor\u00e7a a diferen\u00e7a entre o piso regional e o sal\u00e1rio m\u00ednimo nacional, atualmente fixado em R$ 1.621. Estados com legisla\u00e7\u00e3o pr\u00f3pria podem estabelecer valores superiores, conforme previsto na Lei Complementar 103\/2000.<\/p>\n\n\n\n<p>Al\u00e9m de Santa Catarina, outras unidades federativas tamb\u00e9m possuem pisos regionais, como Paran\u00e1, S\u00e3o Paulo, Rio Grande do Sul e Rio de Janeiro. Em alguns casos, os sal\u00e1rios iniciais podem superar o m\u00ednimo nacional em centenas de reais.<\/p>\n\n\n\n<p>J\u00e1 nos demais estados, o valor federal segue como refer\u00eancia para trabalhadores sem piso definido por conven\u00e7\u00e3o coletiva.<\/p>\n\n\n\n<h2 class=\"wp-block-heading\"><strong>Impacto econ\u00f4mico e gera\u00e7\u00e3o de empregos<\/strong><\/h2>\n\n\n\n<p>O reajuste ocorre em um cen\u00e1rio de crescimento do mercado de trabalho catarinense. Dados do Novo Caged indicam que o estado j\u00e1 criou mais de 41 mil vagas formais nos primeiros meses de 2026, com destaque para o setor de servi\u00e7os.<\/p>\n\n\n\n<p>Especialistas apontam que a eleva\u00e7\u00e3o do piso regional pode contribuir para o aumento do poder de compra dos trabalhadores, al\u00e9m de estimular a economia local. Ao mesmo tempo, o tema mant\u00e9m o debate sobre as diferen\u00e7as salariais entre estados e o impacto dessas pol\u00edticas na distribui\u00e7\u00e3o de renda no pa\u00eds.<\/p>\n","protected":false},"excerpt":{"rendered":"<p>A Assembleia Legislativa de Santa Catarina aprovou o reajuste do sal\u00e1rio m\u00ednimo regional no estado, elevando os valores para at\u00e9 R$ 2.106 em 2026. A medida estabelece um novo piso inicial de R$ 1.842 para determinadas categorias e segue agora para san\u00e7\u00e3o do governo estadual. O aumento m\u00e9dio aprovado \u00e9 de 6,49% e ser\u00e1 aplicado [&hellip;]<\/p>\n","protected":false},"author":9,"featured_media":5371,"comment_status":"closed","ping_status":"closed","sticky":false,"template":"","format":"standard","meta":{"jnews-multi-image_gallery":[],"jnews_single_post":{"format":"standard"},"jnews_primary_category":[],"jnews_social_meta":[],"jnews_override_counter":[],"jnews_post_split":[],"footnotes":""},"categories":[1],"tags":[],"class_list":["post-43707","post","type-post","status-publish","format-standard","has-post-thumbnail","hentry","category-geral"],"_referencia":"","_links":{"self":[{"href":"https:\/\/diariodocomercio.com.br\/mix\/wp-json\/wp\/v2\/posts\/43707","targetHints":{"allow":["GET"]}}],"collection":[{"href":"https:\/\/diariodocomercio.com.br\/mix\/wp-json\/wp\/v2\/posts"}],"about":[{"href":"https:\/\/diariodocomercio.com.br\/mix\/wp-json\/wp\/v2\/types\/post"}],"author":[{"embeddable":true,"href":"https:\/\/diariodocomercio.com.br\/mix\/wp-json\/wp\/v2\/users\/9"}],"replies":[{"embeddable":true,"href":"https:\/\/diariodocomercio.com.br\/mix\/wp-json\/wp\/v2\/comments?post=43707"}],"version-history":[{"count":1,"href":"https:\/\/diariodocomercio.com.br\/mix\/wp-json\/wp\/v2\/posts\/43707\/revisions"}],"predecessor-version":[{"id":43709,"href":"https:\/\/diariodocomercio.com.br\/mix\/wp-json\/wp\/v2\/posts\/43707\/revisions\/43709"}],"wp:featuredmedia":[{"embeddable":true,"href":"https:\/\/diariodocomercio.com.br\/mix\/wp-json\/wp\/v2\/media\/5371"}],"wp:attachment":[{"href":"https:\/\/diariodocomercio.com.br\/mix\/wp-json\/wp\/v2\/media?parent=43707"}],"wp:term":[{"taxonomy":"category","embeddable":true,"href":"https:\/\/diariodocomercio.com.br\/mix\/wp-json\/wp\/v2\/categories?post=43707"},{"taxonomy":"post_tag","embeddable":true,"href":"https:\/\/diariodocomercio.com.br\/mix\/wp-json\/wp\/v2\/tags?post=43707"}],"curies":[{"name":"wp","href":"https:\/\/api.w.org\/{rel}","templated":true}]}}