{"id":43716,"date":"2026-04-30T12:41:00","date_gmt":"2026-04-30T15:41:00","guid":{"rendered":"https:\/\/diariodocomercio.com.br\/mix\/?p=43716"},"modified":"2026-04-30T12:27:40","modified_gmt":"2026-04-30T15:27:40","slug":"feriado-desta-sexta-1o-sera-de-chuva-nesta-regiao-do-pais","status":"publish","type":"post","link":"https:\/\/diariodocomercio.com.br\/mix\/feriado-desta-sexta-1o-sera-de-chuva-nesta-regiao-do-pais\/","title":{"rendered":"Feriado desta sexta (1\u00ba) ser\u00e1 de chuva nesta regi\u00e3o do pa\u00eds"},"content":{"rendered":"\n<p>A chegada do feriado prolongado em celebra\u00e7\u00e3o ao <strong>Dia do Trabalho<\/strong>, entre os dias <strong>1\u00ba e 3 de maio<\/strong>, ser\u00e1 marcada por uma mudan\u00e7a brusca no tempo na regi\u00e3o Sul do pa\u00eds. Uma frente fria intensa, associada a um ciclone extratropical formado sobre o oceano e a uma massa de ar de origem polar, deve atingir os tr\u00eas estados da regi\u00e3o.<\/p>\n\n\n\n<p>A previs\u00e3o indica <strong>temporais, ventos fortes<\/strong> e <strong>queda expressiva<\/strong> das temperaturas.<\/p>\n\n\n\n<p>O litoral sulista e parte da costa sudestina tamb\u00e9m podem sofrer com ondas agitadas.<\/p>\n\n\n\n<h2 class=\"wp-block-heading\">Previs\u00e3o detalhada<\/h2>\n\n\n\n<p>No Rio Grande do Sul, a frente avan\u00e7a na madrugada de sexta. A chuva se espalha ao longo do dia, com maior concentra\u00e7\u00e3o na Grande Porto Alegre. No s\u00e1bado, o volume de precipita\u00e7\u00e3o diminui em algumas \u00e1reas, mas o destaque fica para a queda dos term\u00f4metros.<\/p>\n\n\n\n<p>A m\u00ednima prevista para a capital ga\u00facha \u00e9 de 11 graus Celsius. No domingo, o ar polar predomina, mantendo o frio e favorecendo nevoeiro ao amanhecer e geada em pontos mais ao sul do estado.<\/p>\n\n\n\n<p>Santa Catarina ainda ter\u00e1 sol na sexta, mas a nebulosidade aumenta rapidamente. Pancadas de chuva come\u00e7am \u00e0 tarde e se espalham por todo o territ\u00f3rio catarinense.<\/p>\n\n\n\n<p>No s\u00e1bado, o tempo fica mais fechado, com maior frequ\u00eancia de chuva e temperaturas em decl\u00ednio. No domingo, o ar frio estabiliza a atmosfera, mas as nuvens ainda predominam em v\u00e1rias regi\u00f5es.<\/p>\n\n\n\n<p>J\u00e1 no Paran\u00e1, a sexta-feira e o s\u00e1bado ser\u00e3o de tempo mais firme e temperaturas elevadas. A mudan\u00e7a ocorre apenas no domingo, com a chegada do ar frio, que derruba as temperaturas em todo o estado.<\/p>\n\n\n\n<p>No Sudeste, o feriado come\u00e7a com sol forte e calor acima da m\u00e9dia para a \u00e9poca.&nbsp;<\/p>\n","protected":false},"excerpt":{"rendered":"<p>A chegada do feriado prolongado ser\u00e1 marcada por uma mudan\u00e7a brusca no tempo na regi\u00e3o.<\/p>\n","protected":false},"author":12,"featured_media":15769,"comment_status":"closed","ping_status":"closed","sticky":false,"template":"","format":"standard","meta":{"jnews-multi-image_gallery":[],"jnews_single_post":{"format":"standard"},"jnews_primary_category":[],"jnews_social_meta":[],"jnews_override_counter":[],"jnews_post_split":[],"footnotes":""},"categories":[1],"tags":[],"class_list":["post-43716","post","type-post","status-publish","format-standard","has-post-thumbnail","hentry","category-geral"],"_referencia":"","_links":{"self":[{"href":"https:\/\/diariodocomercio.com.br\/mix\/wp-json\/wp\/v2\/posts\/43716","targetHints":{"allow":["GET"]}}],"collection":[{"href":"https:\/\/diariodocomercio.com.br\/mix\/wp-json\/wp\/v2\/posts"}],"about":[{"href":"https:\/\/diariodocomercio.com.br\/mix\/wp-json\/wp\/v2\/types\/post"}],"author":[{"embeddable":true,"href":"https:\/\/diariodocomercio.com.br\/mix\/wp-json\/wp\/v2\/users\/12"}],"replies":[{"embeddable":true,"href":"https:\/\/diariodocomercio.com.br\/mix\/wp-json\/wp\/v2\/comments?post=43716"}],"version-history":[{"count":2,"href":"https:\/\/diariodocomercio.com.br\/mix\/wp-json\/wp\/v2\/posts\/43716\/revisions"}],"predecessor-version":[{"id":43721,"href":"https:\/\/diariodocomercio.com.br\/mix\/wp-json\/wp\/v2\/posts\/43716\/revisions\/43721"}],"wp:featuredmedia":[{"embeddable":true,"href":"https:\/\/diariodocomercio.com.br\/mix\/wp-json\/wp\/v2\/media\/15769"}],"wp:attachment":[{"href":"https:\/\/diariodocomercio.com.br\/mix\/wp-json\/wp\/v2\/media?parent=43716"}],"wp:term":[{"taxonomy":"category","embeddable":true,"href":"https:\/\/diariodocomercio.com.br\/mix\/wp-json\/wp\/v2\/categories?post=43716"},{"taxonomy":"post_tag","embeddable":true,"href":"https:\/\/diariodocomercio.com.br\/mix\/wp-json\/wp\/v2\/tags?post=43716"}],"curies":[{"name":"wp","href":"https:\/\/api.w.org\/{rel}","templated":true}]}}