{"id":43722,"date":"2026-04-30T19:12:00","date_gmt":"2026-04-30T22:12:00","guid":{"rendered":"https:\/\/diariodocomercio.com.br\/mix\/?p=43722"},"modified":"2026-04-30T12:35:44","modified_gmt":"2026-04-30T15:35:44","slug":"governo-lula-volta-atras-em-decisao-que-havia-tomado-sobre-programa-de-renegociar-dividas-dos-brasileiros","status":"publish","type":"post","link":"https:\/\/diariodocomercio.com.br\/mix\/governo-lula-volta-atras-em-decisao-que-havia-tomado-sobre-programa-de-renegociar-dividas-dos-brasileiros\/","title":{"rendered":"Governo Lula volta atr\u00e1s em decis\u00e3o que havia tomado sobre programa de renegociar d\u00edvidas dos brasileiros"},"content":{"rendered":"\n<p>O presidente Luiz In\u00e1cio Lula da Silva deve lan\u00e7ar o programa <strong>Desenrola 2.0 <\/strong>na pr\u00f3xima segunda-feira (4), com um evento programado no Pal\u00e1cio do Planalto, segundo informa\u00e7\u00f5es da<strong> CNN Brasil.<\/strong><\/p>\n\n\n\n<p>O programa, que visa a renegocia\u00e7\u00e3o de d\u00edvidas, contar\u00e1 com a inclus\u00e3o de recursos do FGTS. Essa iniciativa faz parte de uma estrat\u00e9gia econ\u00f4mica para reduzir o endividamento dos cidad\u00e3os e estimular a economia do pa\u00eds.<\/p>\n\n\n\n<p>O Desenrola 2.0 permitir\u00e1 que trabalhadores com renda de at\u00e9 cinco sal\u00e1rios m\u00ednimos utilizem at\u00e9 20% do saldo de suas contas do FGTS para quitar d\u00edvidas renegociadas. Estima-se que o programa possa causar um impacto de aproximadamente R$ 4,5 bilh\u00f5es no FGTS.<\/p>\n\n\n\n<p>Com essa medida, o governo espera aliviar o endividamento das fam\u00edlias, especialmente para d\u00edvidas com juros altos, como cart\u00e3o de cr\u00e9dito.<\/p>\n\n\n\n<p>Segundo o jornal digital <strong>Poder 360<\/strong>, o governo do presidente Lula queria lan\u00e7ar o programa antes de 1\u00ba de maio.<\/p>\n\n\n\n<h2 class=\"wp-block-heading\">Desenrola 2.0<\/h2>\n\n\n\n<p>O programa contar\u00e1 com um total de cerca de R$ 8 bilh\u00f5es do Fundo Garantidor de Opera\u00e7\u00f5es, visando cobrir poss\u00edveis inadimpl\u00eancias. Essa integra\u00e7\u00e3o com o FGTS foi uma decis\u00e3o acordada ap\u00f3s discuss\u00f5es com a equipe econ\u00f4mica, que incluem o ministro da Fazenda, Dario Durigan.<\/p>\n\n\n\n<p>O uso do FGTS foi definido como uma ferramenta estrat\u00e9gica para viabilizar a renegocia\u00e7\u00e3o de d\u00edvidas. Espera-se que milhares de cidad\u00e3os sejam beneficiados, aproveitando recursos anteriormente reservados para outras finalidades. A decis\u00e3o foi resultado de intensas negocia\u00e7\u00f5es entre a equipe econ\u00f4mica do governo.<\/p>\n\n\n\n<p>A medida visa n\u00e3o apenas a prote\u00e7\u00e3o financeira dos participantes, mas tamb\u00e9m representa um impulso econ\u00f4mico mais amplo para o pa\u00eds. O ajuste dos detalhes do programa, em colabora\u00e7\u00e3o com institui\u00e7\u00f5es financeiras, continuar\u00e1 at\u00e9 o lan\u00e7amento oficial.<\/p>\n\n\n\n<p>O governo projeta que essa a\u00e7\u00e3o contribuir\u00e1 significativamente para as pol\u00edticas de al\u00edvio econ\u00f4mico e renegocia\u00e7\u00e3o de d\u00edvidas no Brasil.<\/p>\n","protected":false},"excerpt":{"rendered":"<p>O programa contar\u00e1 com a inclus\u00e3o de recursos do FGTS.<\/p>\n","protected":false},"author":12,"featured_media":15729,"comment_status":"closed","ping_status":"closed","sticky":false,"template":"","format":"standard","meta":{"jnews-multi-image_gallery":[],"jnews_single_post":{"format":"standard"},"jnews_primary_category":[],"jnews_social_meta":[],"jnews_override_counter":[],"jnews_post_split":[],"footnotes":""},"categories":[1],"tags":[],"class_list":["post-43722","post","type-post","status-publish","format-standard","has-post-thumbnail","hentry","category-geral"],"_referencia":"","_links":{"self":[{"href":"https:\/\/diariodocomercio.com.br\/mix\/wp-json\/wp\/v2\/posts\/43722","targetHints":{"allow":["GET"]}}],"collection":[{"href":"https:\/\/diariodocomercio.com.br\/mix\/wp-json\/wp\/v2\/posts"}],"about":[{"href":"https:\/\/diariodocomercio.com.br\/mix\/wp-json\/wp\/v2\/types\/post"}],"author":[{"embeddable":true,"href":"https:\/\/diariodocomercio.com.br\/mix\/wp-json\/wp\/v2\/users\/12"}],"replies":[{"embeddable":true,"href":"https:\/\/diariodocomercio.com.br\/mix\/wp-json\/wp\/v2\/comments?post=43722"}],"version-history":[{"count":2,"href":"https:\/\/diariodocomercio.com.br\/mix\/wp-json\/wp\/v2\/posts\/43722\/revisions"}],"predecessor-version":[{"id":43724,"href":"https:\/\/diariodocomercio.com.br\/mix\/wp-json\/wp\/v2\/posts\/43722\/revisions\/43724"}],"wp:featuredmedia":[{"embeddable":true,"href":"https:\/\/diariodocomercio.com.br\/mix\/wp-json\/wp\/v2\/media\/15729"}],"wp:attachment":[{"href":"https:\/\/diariodocomercio.com.br\/mix\/wp-json\/wp\/v2\/media?parent=43722"}],"wp:term":[{"taxonomy":"category","embeddable":true,"href":"https:\/\/diariodocomercio.com.br\/mix\/wp-json\/wp\/v2\/categories?post=43722"},{"taxonomy":"post_tag","embeddable":true,"href":"https:\/\/diariodocomercio.com.br\/mix\/wp-json\/wp\/v2\/tags?post=43722"}],"curies":[{"name":"wp","href":"https:\/\/api.w.org\/{rel}","templated":true}]}}