{"id":43732,"date":"2026-04-30T16:36:00","date_gmt":"2026-04-30T19:36:00","guid":{"rendered":"https:\/\/diariodocomercio.com.br\/mix\/?p=43732"},"modified":"2026-04-30T15:27:06","modified_gmt":"2026-04-30T18:27:06","slug":"governo-confirma-pagamento-e-brasileiros-aguardam-novo-beneficio-antes-do-feriado","status":"publish","type":"post","link":"https:\/\/diariodocomercio.com.br\/mix\/governo-confirma-pagamento-e-brasileiros-aguardam-novo-beneficio-antes-do-feriado\/","title":{"rendered":"Governo confirma pagamento e brasileiros aguardam novo benef\u00edcio antes do feriado"},"content":{"rendered":"\n<p>A Receita Federal realiza nesta quinta-feira (30) o pagamento de um novo lote de restitui\u00e7\u00f5es do Imposto de Renda, contemplando contribuintes que haviam ca\u00eddo na malha fina e regularizaram suas pend\u00eancias. A libera\u00e7\u00e3o ocorre \u00e0s v\u00e9speras do Dia do Trabalhador, aumentando a expectativa de brasileiros que aguardam valores a receber.<\/p>\n\n\n\n<p>Ao todo, 415.277 contribuintes ser\u00e3o beneficiados, com a distribui\u00e7\u00e3o de R$ 592,2 milh\u00f5es. Desse montante, R$ 256,8 milh\u00f5es ser\u00e3o destinados a grupos com prioridade legal, como idosos, professores, pessoas com defici\u00eancia e contribuintes com doen\u00e7as graves.<\/p>\n\n\n\n<p>A maior parte dos pagamentos ser\u00e1 feita a contribuintes que optaram pela declara\u00e7\u00e3o pr\u00e9-preenchida ou pelo recebimento via Pix, modelo que tem ganhado ades\u00e3o nos \u00faltimos anos por agilizar o processo de restitui\u00e7\u00e3o.<\/p>\n\n\n\n<p>Os valores ser\u00e3o creditados diretamente na conta banc\u00e1ria informada ou na chave Pix vinculada ao CPF. A consulta pode ser feita pelo site oficial da Receita ou por meio do aplicativo, na \u00e1rea \u201cMeu Imposto de Renda\u201d.<\/p>\n\n\n\n<p>Caso o contribuinte n\u00e3o esteja na lista, a orienta\u00e7\u00e3o \u00e9 acessar o Centro Virtual de Atendimento (e-CAC) para verificar poss\u00edveis pend\u00eancias e, se necess\u00e1rio, enviar uma declara\u00e7\u00e3o retificadora para entrar nos pr\u00f3ximos lotes.<\/p>\n\n\n\n<h2 class=\"wp-block-heading\"><strong>Aumento de reten\u00e7\u00f5es chama aten\u00e7\u00e3o<\/strong><\/h2>\n\n\n\n<p>Neste ano, o n\u00famero de declara\u00e7\u00f5es retidas em malha fiscal apresentou crescimento. Dados da pr\u00f3pria Receita indicam que cerca de 1,05 milh\u00e3o de declara\u00e7\u00f5es ficaram retidas at\u00e9 o fim de abril, o equivalente a quase 7% do total enviado.<\/p>\n\n\n\n<p>O aumento est\u00e1 relacionado principalmente a mudan\u00e7as nos sistemas de envio de informa\u00e7\u00f5es por empresas e institui\u00e7\u00f5es, com a substitui\u00e7\u00e3o da Dirf por plataformas como o eSocial e a EFD-Reinf, que ampliaram o cruzamento de dados.<\/p>\n\n\n\n<p>Entre os erros mais comuns est\u00e3o diverg\u00eancias de rendimentos, informa\u00e7\u00f5es duplicadas, falhas em despesas m\u00e9dicas e inconsist\u00eancias em dados de dependentes.<\/p>\n\n\n\n<p>Se houver problemas no cr\u00e9dito, como conta banc\u00e1ria desativada, o valor ficar\u00e1 dispon\u00edvel para resgate por at\u00e9 um ano no Banco do Brasil. Ap\u00f3s esse prazo, ser\u00e1 necess\u00e1rio solicitar o valor novamente por meio do sistema da Receita.<\/p>\n","protected":false},"excerpt":{"rendered":"<p>A Receita Federal realiza nesta quinta-feira (30) o pagamento de um novo lote de restitui\u00e7\u00f5es do Imposto de Renda, contemplando contribuintes que haviam ca\u00eddo na malha fina e regularizaram suas pend\u00eancias. A libera\u00e7\u00e3o ocorre \u00e0s v\u00e9speras do Dia do Trabalhador, aumentando a expectativa de brasileiros que aguardam valores a receber. Ao todo, 415.277 contribuintes ser\u00e3o [&hellip;]<\/p>\n","protected":false},"author":9,"featured_media":5702,"comment_status":"closed","ping_status":"closed","sticky":false,"template":"","format":"standard","meta":{"jnews-multi-image_gallery":[],"jnews_single_post":{"format":"standard"},"jnews_primary_category":[],"jnews_social_meta":[],"jnews_override_counter":[],"jnews_post_split":[],"footnotes":""},"categories":[1],"tags":[],"class_list":["post-43732","post","type-post","status-publish","format-standard","has-post-thumbnail","hentry","category-geral"],"_referencia":"","_links":{"self":[{"href":"https:\/\/diariodocomercio.com.br\/mix\/wp-json\/wp\/v2\/posts\/43732","targetHints":{"allow":["GET"]}}],"collection":[{"href":"https:\/\/diariodocomercio.com.br\/mix\/wp-json\/wp\/v2\/posts"}],"about":[{"href":"https:\/\/diariodocomercio.com.br\/mix\/wp-json\/wp\/v2\/types\/post"}],"author":[{"embeddable":true,"href":"https:\/\/diariodocomercio.com.br\/mix\/wp-json\/wp\/v2\/users\/9"}],"replies":[{"embeddable":true,"href":"https:\/\/diariodocomercio.com.br\/mix\/wp-json\/wp\/v2\/comments?post=43732"}],"version-history":[{"count":1,"href":"https:\/\/diariodocomercio.com.br\/mix\/wp-json\/wp\/v2\/posts\/43732\/revisions"}],"predecessor-version":[{"id":43735,"href":"https:\/\/diariodocomercio.com.br\/mix\/wp-json\/wp\/v2\/posts\/43732\/revisions\/43735"}],"wp:featuredmedia":[{"embeddable":true,"href":"https:\/\/diariodocomercio.com.br\/mix\/wp-json\/wp\/v2\/media\/5702"}],"wp:attachment":[{"href":"https:\/\/diariodocomercio.com.br\/mix\/wp-json\/wp\/v2\/media?parent=43732"}],"wp:term":[{"taxonomy":"category","embeddable":true,"href":"https:\/\/diariodocomercio.com.br\/mix\/wp-json\/wp\/v2\/categories?post=43732"},{"taxonomy":"post_tag","embeddable":true,"href":"https:\/\/diariodocomercio.com.br\/mix\/wp-json\/wp\/v2\/tags?post=43732"}],"curies":[{"name":"wp","href":"https:\/\/api.w.org\/{rel}","templated":true}]}}