{"id":43736,"date":"2026-04-30T15:37:36","date_gmt":"2026-04-30T18:37:36","guid":{"rendered":"https:\/\/diariodocomercio.com.br\/mix\/?p=43736"},"modified":"2026-04-30T15:37:39","modified_gmt":"2026-04-30T18:37:39","slug":"reducao-na-jornada-de-trabalho-foi-aprovada-neste-pais-para-35-horas-semanais","status":"publish","type":"post","link":"https:\/\/diariodocomercio.com.br\/mix\/reducao-na-jornada-de-trabalho-foi-aprovada-neste-pais-para-35-horas-semanais\/","title":{"rendered":"Redu\u00e7\u00e3o na jornada de trabalho foi aprovada neste pa\u00eds para 35 horas semanais"},"content":{"rendered":"\n<p>A Fran\u00e7a se consolidou como uma das principais refer\u00eancias mundiais na redu\u00e7\u00e3o da jornada de trabalho, ap\u00f3s adotar o modelo de 35 horas semanais. A medida, implementada no final dos anos 1990, voltou ao centro das discuss\u00f5es internacionais diante de novos debates sobre qualidade de vida e produtividade.<\/p>\n\n\n\n<p>Estudo publicado pelo Instituto de Economia do Trabalho, da Alemanha, analisou os efeitos da redu\u00e7\u00e3o da jornada em pa\u00edses europeus e n\u00e3o identificou impactos negativos significativos no crescimento econ\u00f4mico ou no n\u00edvel de emprego.<\/p>\n\n\n\n<p>A pesquisa avaliou dados de cinco pa\u00edses, Fran\u00e7a, It\u00e1lia, B\u00e9lgica, Portugal e Eslov\u00eania, entre 1995 e 2007. Segundo os pesquisadores, a redu\u00e7\u00e3o da carga hor\u00e1ria foi absorvida pelas economias sem preju\u00edzos relevantes ao Produto Interno Bruto (PIB) ou ao n\u00famero de vagas de trabalho.<\/p>\n\n\n\n<p>Al\u00e9m disso, o levantamento apontou efeitos positivos, ainda que considerados modestos, no valor pago por hora trabalhada e na produtividade. Durante o per\u00edodo analisado, esses pa\u00edses registraram crescimento econ\u00f4mico consistente, mesmo com a diminui\u00e7\u00e3o das horas semanais.<\/p>\n\n\n\n<p>Os autores destacam que o aumento do custo da m\u00e3o de obra por hora foi rapidamente incorporado pelas empresas, sem provocar distor\u00e7\u00f5es significativas no mercado.<\/p>\n\n\n\n<h2 class=\"wp-block-heading\"><strong>Debate avan\u00e7a no Brasil<\/strong><\/h2>\n\n\n\n<p>Enquanto isso, o tema ganha for\u00e7a no Brasil. Propostas em tramita\u00e7\u00e3o no Congresso Nacional discutem a redu\u00e7\u00e3o da jornada atual de 44 horas semanais e o fim da escala 6&#215;1.<\/p>\n\n\n\n<p>Uma das iniciativas prev\u00ea a ado\u00e7\u00e3o de modelos mais flex\u00edveis, como a semana de quatro dias de trabalho, conhecida como escala 4&#215;3. Outra proposta sugere uma redu\u00e7\u00e3o gradual da jornada ao longo dos pr\u00f3ximos anos.<\/p>\n\n\n\n<p>Experi\u00eancias piloto realizadas em diferentes pa\u00edses, incluindo o Brasil, indicam poss\u00edveis benef\u00edcios como aumento da produtividade, redu\u00e7\u00e3o de faltas e melhora no bem-estar dos trabalhadores.<\/p>\n\n\n\n<h2 class=\"wp-block-heading\"><strong>Tend\u00eancia global de mudan\u00e7as no trabalho<\/strong><\/h2>\n\n\n\n<p>O debate sobre jornadas mais curtas tem ganhado espa\u00e7o em diversas partes do mundo, impulsionado por transforma\u00e7\u00f5es no mercado de trabalho, avan\u00e7os tecnol\u00f3gicos e novas demandas por equil\u00edbrio entre vida profissional e pessoal.<\/p>\n\n\n\n<p>Embora os resultados variem conforme o contexto econ\u00f4mico de cada pa\u00eds, estudos indicam que a redu\u00e7\u00e3o da jornada pode ser implementada sem impactos negativos relevantes, desde que acompanhada por ajustes estruturais nas empresas e pol\u00edticas p\u00fablicas adequadas.<\/p>\n","protected":false},"excerpt":{"rendered":"<p>A Fran\u00e7a se consolidou como uma das principais refer\u00eancias mundiais na redu\u00e7\u00e3o da jornada de trabalho, ap\u00f3s adotar o modelo de 35 horas semanais. A medida, implementada no final dos anos 1990, voltou ao centro das discuss\u00f5es internacionais diante de novos debates sobre qualidade de vida e produtividade. Estudo publicado pelo Instituto de Economia do [&hellip;]<\/p>\n","protected":false},"author":9,"featured_media":43737,"comment_status":"closed","ping_status":"closed","sticky":false,"template":"","format":"standard","meta":{"jnews-multi-image_gallery":[],"jnews_single_post":{"format":"standard"},"jnews_primary_category":[],"jnews_social_meta":[],"jnews_override_counter":[],"jnews_post_split":[],"footnotes":""},"categories":[1],"tags":[],"class_list":["post-43736","post","type-post","status-publish","format-standard","has-post-thumbnail","hentry","category-geral"],"_referencia":"","_links":{"self":[{"href":"https:\/\/diariodocomercio.com.br\/mix\/wp-json\/wp\/v2\/posts\/43736","targetHints":{"allow":["GET"]}}],"collection":[{"href":"https:\/\/diariodocomercio.com.br\/mix\/wp-json\/wp\/v2\/posts"}],"about":[{"href":"https:\/\/diariodocomercio.com.br\/mix\/wp-json\/wp\/v2\/types\/post"}],"author":[{"embeddable":true,"href":"https:\/\/diariodocomercio.com.br\/mix\/wp-json\/wp\/v2\/users\/9"}],"replies":[{"embeddable":true,"href":"https:\/\/diariodocomercio.com.br\/mix\/wp-json\/wp\/v2\/comments?post=43736"}],"version-history":[{"count":1,"href":"https:\/\/diariodocomercio.com.br\/mix\/wp-json\/wp\/v2\/posts\/43736\/revisions"}],"predecessor-version":[{"id":43738,"href":"https:\/\/diariodocomercio.com.br\/mix\/wp-json\/wp\/v2\/posts\/43736\/revisions\/43738"}],"wp:featuredmedia":[{"embeddable":true,"href":"https:\/\/diariodocomercio.com.br\/mix\/wp-json\/wp\/v2\/media\/43737"}],"wp:attachment":[{"href":"https:\/\/diariodocomercio.com.br\/mix\/wp-json\/wp\/v2\/media?parent=43736"}],"wp:term":[{"taxonomy":"category","embeddable":true,"href":"https:\/\/diariodocomercio.com.br\/mix\/wp-json\/wp\/v2\/categories?post=43736"},{"taxonomy":"post_tag","embeddable":true,"href":"https:\/\/diariodocomercio.com.br\/mix\/wp-json\/wp\/v2\/tags?post=43736"}],"curies":[{"name":"wp","href":"https:\/\/api.w.org\/{rel}","templated":true}]}}