{"id":43739,"date":"2026-04-30T15:49:06","date_gmt":"2026-04-30T18:49:06","guid":{"rendered":"https:\/\/diariodocomercio.com.br\/mix\/?p=43739"},"modified":"2026-04-30T15:49:09","modified_gmt":"2026-04-30T18:49:09","slug":"regra-ja-esta-em-vigor-no-brasil-e-idosos-acima-de-60-anos-nao-precisam-mais-pagar-esta-conta-no-pais","status":"publish","type":"post","link":"https:\/\/diariodocomercio.com.br\/mix\/regra-ja-esta-em-vigor-no-brasil-e-idosos-acima-de-60-anos-nao-precisam-mais-pagar-esta-conta-no-pais\/","title":{"rendered":"Regra j\u00e1 est\u00e1 em vigor no Brasil e idosos acima de 60 anos n\u00e3o precisam mais pagar esta conta no pa\u00eds"},"content":{"rendered":"\n<p>Uma nova regra j\u00e1 em vigor no Brasil tem impactado diretamente o or\u00e7amento de milh\u00f5es de fam\u00edlias, especialmente entre idosos de baixa renda. Sancionada em 2025 pelo presidente Luiz In\u00e1cio Lula da Silva, a Lei 15.235 ampliou o alcance da Tarifa Social de Energia El\u00e9trica e passou a garantir gratuidade total na conta de luz para parte dos benefici\u00e1rios.<\/p>\n\n\n\n<p>A medida estabelece que fam\u00edlias inscritas no Cadastro \u00danico (Cad\u00danico), com consumo mensal de at\u00e9 80 quilowatts-hora (kWh), podem ter a conta de energia zerada. Entre os grupos contemplados est\u00e3o idosos com 65 anos ou mais que recebem o Benef\u00edcio de Presta\u00e7\u00e3o Continuada (BPC), al\u00e9m de pessoas com defici\u00eancia e comunidades em situa\u00e7\u00e3o de vulnerabilidade.<\/p>\n\n\n\n<p>Para acessar o benef\u00edcio, \u00e9 necess\u00e1rio cumprir crit\u00e9rios espec\u00edficos. T\u00eam direito \u00e0 isen\u00e7\u00e3o total:<\/p>\n\n\n\n<ul class=\"wp-block-list\">\n<li>Fam\u00edlias com renda mensal por pessoa de at\u00e9 meio sal\u00e1rio m\u00ednimo e inscritas no Cad\u00danico<\/li>\n\n\n\n<li>Idosos a partir de 65 anos ou pessoas com defici\u00eancia que recebem o BPC<\/li>\n\n\n\n<li>Fam\u00edlias com consumo mensal de at\u00e9 80 kWh<\/li>\n\n\n\n<li>Comunidades ind\u00edgenas e quilombolas em situa\u00e7\u00e3o de baixa renda<\/li>\n<\/ul>\n\n\n\n<p>Nesses casos, a gratuidade \u00e9 aplicada automaticamente na fatura, sem necessidade de solicita\u00e7\u00e3o adicional, desde que os dados estejam atualizados nos sistemas do governo.<\/p>\n\n\n\n<p>Mesmo com a conta zerada, podem ser cobrados encargos n\u00e3o relacionados diretamente ao consumo de energia, como taxas municipais de ilumina\u00e7\u00e3o p\u00fablica ou impostos estaduais, conforme a regi\u00e3o.<\/p>\n\n\n\n<h2 class=\"wp-block-heading\"><strong>Amplia\u00e7\u00e3o do programa e impacto nacional<\/strong><\/h2>\n\n\n\n<p>A reformula\u00e7\u00e3o faz parte de um conjunto de a\u00e7\u00f5es do governo federal para ampliar o acesso \u00e0 energia el\u00e9trica e reduzir desigualdades. Com as novas regras, cerca de 16,5 milh\u00f5es de fam\u00edlias passaram a ter acesso \u00e0 gratuidade total, enquanto outras milh\u00f5es recebem descontos parciais.<\/p>\n\n\n\n<p>A pol\u00edtica \u00e9 financiada pela Conta de Desenvolvimento Energ\u00e9tico (CDE), encargo presente nas contas de luz e respons\u00e1vel por custear subs\u00eddios do setor el\u00e9trico.<\/p>\n\n\n\n<p>Al\u00e9m disso, a partir de 2026, fam\u00edlias com renda um pouco maior, entre meio e um sal\u00e1rio m\u00ednimo por pessoa, tamb\u00e9m passaram a ter isen\u00e7\u00e3o de parte dos encargos, desde que o consumo n\u00e3o ultrapasse 120 kWh mensais.<\/p>\n\n\n\n<p>A amplia\u00e7\u00e3o do benef\u00edcio ocorre em um momento de press\u00e3o sobre os pre\u00e7os da energia. Dados recentes indicam que as tarifas podem subir acima da infla\u00e7\u00e3o em algumas regi\u00f5es, impulsionadas por custos do setor el\u00e9trico e encargos regulat\u00f3rios.<\/p>\n","protected":false},"excerpt":{"rendered":"<p>Uma nova regra j\u00e1 em vigor no Brasil tem impactado diretamente o or\u00e7amento de milh\u00f5es de fam\u00edlias, especialmente entre idosos de baixa renda. Sancionada em 2025 pelo presidente Luiz In\u00e1cio Lula da Silva, a Lei 15.235 ampliou o alcance da Tarifa Social de Energia El\u00e9trica e passou a garantir gratuidade total na conta de luz [&hellip;]<\/p>\n","protected":false},"author":9,"featured_media":24170,"comment_status":"closed","ping_status":"closed","sticky":false,"template":"","format":"standard","meta":{"jnews-multi-image_gallery":[],"jnews_single_post":{"format":"standard"},"jnews_primary_category":[],"jnews_social_meta":[],"jnews_override_counter":[],"jnews_post_split":[],"footnotes":""},"categories":[1],"tags":[],"class_list":["post-43739","post","type-post","status-publish","format-standard","has-post-thumbnail","hentry","category-geral"],"_referencia":"","_links":{"self":[{"href":"https:\/\/diariodocomercio.com.br\/mix\/wp-json\/wp\/v2\/posts\/43739","targetHints":{"allow":["GET"]}}],"collection":[{"href":"https:\/\/diariodocomercio.com.br\/mix\/wp-json\/wp\/v2\/posts"}],"about":[{"href":"https:\/\/diariodocomercio.com.br\/mix\/wp-json\/wp\/v2\/types\/post"}],"author":[{"embeddable":true,"href":"https:\/\/diariodocomercio.com.br\/mix\/wp-json\/wp\/v2\/users\/9"}],"replies":[{"embeddable":true,"href":"https:\/\/diariodocomercio.com.br\/mix\/wp-json\/wp\/v2\/comments?post=43739"}],"version-history":[{"count":1,"href":"https:\/\/diariodocomercio.com.br\/mix\/wp-json\/wp\/v2\/posts\/43739\/revisions"}],"predecessor-version":[{"id":43740,"href":"https:\/\/diariodocomercio.com.br\/mix\/wp-json\/wp\/v2\/posts\/43739\/revisions\/43740"}],"wp:featuredmedia":[{"embeddable":true,"href":"https:\/\/diariodocomercio.com.br\/mix\/wp-json\/wp\/v2\/media\/24170"}],"wp:attachment":[{"href":"https:\/\/diariodocomercio.com.br\/mix\/wp-json\/wp\/v2\/media?parent=43739"}],"wp:term":[{"taxonomy":"category","embeddable":true,"href":"https:\/\/diariodocomercio.com.br\/mix\/wp-json\/wp\/v2\/categories?post=43739"},{"taxonomy":"post_tag","embeddable":true,"href":"https:\/\/diariodocomercio.com.br\/mix\/wp-json\/wp\/v2\/tags?post=43739"}],"curies":[{"name":"wp","href":"https:\/\/api.w.org\/{rel}","templated":true}]}}