{"id":43753,"date":"2026-04-30T22:05:00","date_gmt":"2026-05-01T01:05:00","guid":{"rendered":"https:\/\/diariodocomercio.com.br\/mix\/?p=43753"},"modified":"2026-04-30T16:13:43","modified_gmt":"2026-04-30T19:13:43","slug":"presentes-de-dia-das-maes-por-ate-r-200-que-parecem-muito-mais-caros","status":"publish","type":"post","link":"https:\/\/diariodocomercio.com.br\/mix\/presentes-de-dia-das-maes-por-ate-r-200-que-parecem-muito-mais-caros\/","title":{"rendered":"Presentes de Dia das M\u00e3es por at\u00e9 R$ 200 que parecem muito mais caros"},"content":{"rendered":"\n<p>Encontrar um presente marcante para o Dia das M\u00e3es sem ultrapassar o or\u00e7amento tem se tornado uma prioridade para milh\u00f5es de brasileiros. Em 2026, a busca por op\u00e7\u00f5es de at\u00e9 R$ 200 cresce impulsionada pelo cen\u00e1rio econ\u00f4mico e pela valoriza\u00e7\u00e3o do custo-benef\u00edcio, sem abrir m\u00e3o de qualidade e significado.<\/p>\n\n\n\n<p>A data, uma das mais relevantes do calend\u00e1rio comercial, deve movimentar cerca de R$ 11,06 bilh\u00f5es no com\u00e9rcio eletr\u00f4nico, acima dos R$ 9,98 bilh\u00f5es registrados em 2025. Ao todo, aproximadamente 127 milh\u00f5es de consumidores devem ir \u00e0s compras, com gasto m\u00e9dio estimado em R$ 294.<\/p>\n\n\n\n<p>Mesmo com a percep\u00e7\u00e3o de pre\u00e7os mais altos, apontada por 66% dos consumidores, a inten\u00e7\u00e3o de presentear segue forte, motivada principalmente por gratid\u00e3o e afeto.<\/p>\n\n\n\n<h2 class=\"wp-block-heading\"><strong>Presentes acess\u00edveis que surpreendem<\/strong><\/h2>\n\n\n\n<p>Com variedade crescente no mercado, \u00e9 poss\u00edvel encontrar itens funcionais, modernos e elegantes por at\u00e9 R$ 200. Confira algumas op\u00e7\u00f5es que combinam utilidade e bom gosto:<\/p>\n\n\n\n<ul class=\"wp-block-list\">\n<li><strong>Xiaomi Smart Band 9 Active (pulseira inteligente)<\/strong><br>Ideal para m\u00e3es conectadas, o modelo oferece monitoramento de sa\u00fade, como frequ\u00eancia card\u00edaca, sono e estresse, al\u00e9m de ser resistente \u00e0 \u00e1gua e ter bateria de longa dura\u00e7\u00e3o. \u00c9 um presente tecnol\u00f3gico que agrega praticidade ao dia a dia.<\/li>\n\n\n\n<li><strong>Philips TAT2500BK\/00 (fones de ouvido sem fio)<\/strong><br>Com cancelamento de ru\u00eddo ativo e at\u00e9 24 horas de bateria, \u00e9 uma excelente escolha para momentos de lazer ou chamadas. Leve e confort\u00e1vel, atende bem quem busca praticidade no cotidiano.<\/li>\n\n\n\n<li><strong>Brit\u00e2nia BEC07R 4 em 1 (escova secadora)<\/strong><br>Pensada para facilitar a rotina, seca, alisa e modela os cabelos com tecnologia que reduz o frizz. \u00c9 uma alternativa pr\u00e1tica para quem gosta de cuidar da apar\u00eancia sem sair de casa.<\/li>\n\n\n\n<li><strong>Brit\u00e2nia Titanium Blue (prancha de cabelo)<\/strong><br>Com placas de tit\u00e2nio e controle de temperatura, garante alisamento r\u00e1pido e eficiente. Um presente funcional para m\u00e3es que valorizam praticidade e resultados profissionais.<\/li>\n\n\n\n<li><strong>Mondial SCN-01 (secador de cabelo)<\/strong><br>Potente e vers\u00e1til, oferece secagem r\u00e1pida e brilho aos fios. O design ergon\u00f4mico facilita o uso no dia a dia.<\/li>\n\n\n\n<li><strong>Mondial DG-01 (blender pessoal)<\/strong><br>Indicado para m\u00e3es com rotina ativa, permite preparar sucos e vitaminas de forma r\u00e1pida. Compacto, \u00e9 ideal para quem busca praticidade na alimenta\u00e7\u00e3o.<\/li>\n\n\n\n<li><strong>Brit\u00e2nia Pop Time Pip (pipoqueira el\u00e9trica)<\/strong><br>Uma op\u00e7\u00e3o criativa para momentos de lazer em fam\u00edlia. Prepara pipoca sem \u00f3leo em poucos minutos, tornando o consumo mais saud\u00e1vel.<\/li>\n<\/ul>\n\n\n\n<h2 class=\"wp-block-heading\"><strong>Com\u00e9rcio projeta crescimento moderado<\/strong><\/h2>\n\n\n\n<p>Apesar do cen\u00e1rio econ\u00f4mico mais desafiador, o varejo mant\u00e9m expectativa de crescimento. O volume de vendas deve atingir R$ 1,68 bilh\u00e3o em 2026, com alta de 10,78% em rela\u00e7\u00e3o ao ano anterior.<\/p>\n\n\n\n<p>Levantamentos indicam que 78% dos consumidores pretendem comprar ao menos um presente, sendo as m\u00e3es as principais homenageadas (74%), seguidas por esposas e sogras.<\/p>\n\n\n\n<p>A tend\u00eancia para este ano aponta um consumidor mais estrat\u00e9gico: enquanto parte pretende gastar mais em busca de produtos melhores, outra parcela deve reduzir despesas por conta de d\u00edvidas e necessidade de economizar.<\/p>\n","protected":false},"excerpt":{"rendered":"<p>Encontrar um presente marcante para o Dia das M\u00e3es sem ultrapassar o or\u00e7amento tem se tornado uma prioridade para milh\u00f5es de brasileiros. Em 2026, a busca por op\u00e7\u00f5es de at\u00e9 R$ 200 cresce impulsionada pelo cen\u00e1rio econ\u00f4mico e pela valoriza\u00e7\u00e3o do custo-benef\u00edcio, sem abrir m\u00e3o de qualidade e significado. A data, uma das mais relevantes [&hellip;]<\/p>\n","protected":false},"author":9,"featured_media":43754,"comment_status":"closed","ping_status":"closed","sticky":false,"template":"","format":"standard","meta":{"jnews-multi-image_gallery":[],"jnews_single_post":{"format":"standard"},"jnews_primary_category":[],"jnews_social_meta":[],"jnews_override_counter":[],"jnews_post_split":[],"footnotes":""},"categories":[1],"tags":[],"class_list":["post-43753","post","type-post","status-publish","format-standard","has-post-thumbnail","hentry","category-geral"],"_referencia":"","_links":{"self":[{"href":"https:\/\/diariodocomercio.com.br\/mix\/wp-json\/wp\/v2\/posts\/43753","targetHints":{"allow":["GET"]}}],"collection":[{"href":"https:\/\/diariodocomercio.com.br\/mix\/wp-json\/wp\/v2\/posts"}],"about":[{"href":"https:\/\/diariodocomercio.com.br\/mix\/wp-json\/wp\/v2\/types\/post"}],"author":[{"embeddable":true,"href":"https:\/\/diariodocomercio.com.br\/mix\/wp-json\/wp\/v2\/users\/9"}],"replies":[{"embeddable":true,"href":"https:\/\/diariodocomercio.com.br\/mix\/wp-json\/wp\/v2\/comments?post=43753"}],"version-history":[{"count":1,"href":"https:\/\/diariodocomercio.com.br\/mix\/wp-json\/wp\/v2\/posts\/43753\/revisions"}],"predecessor-version":[{"id":43755,"href":"https:\/\/diariodocomercio.com.br\/mix\/wp-json\/wp\/v2\/posts\/43753\/revisions\/43755"}],"wp:featuredmedia":[{"embeddable":true,"href":"https:\/\/diariodocomercio.com.br\/mix\/wp-json\/wp\/v2\/media\/43754"}],"wp:attachment":[{"href":"https:\/\/diariodocomercio.com.br\/mix\/wp-json\/wp\/v2\/media?parent=43753"}],"wp:term":[{"taxonomy":"category","embeddable":true,"href":"https:\/\/diariodocomercio.com.br\/mix\/wp-json\/wp\/v2\/categories?post=43753"},{"taxonomy":"post_tag","embeddable":true,"href":"https:\/\/diariodocomercio.com.br\/mix\/wp-json\/wp\/v2\/tags?post=43753"}],"curies":[{"name":"wp","href":"https:\/\/api.w.org\/{rel}","templated":true}]}}