{"id":43756,"date":"2026-04-30T18:26:00","date_gmt":"2026-04-30T21:26:00","guid":{"rendered":"https:\/\/diariodocomercio.com.br\/mix\/?p=43756"},"modified":"2026-04-30T16:18:59","modified_gmt":"2026-04-30T19:18:59","slug":"pronunciamento-de-lula-hoje-impacta-trabalhadores-brasileiros","status":"publish","type":"post","link":"https:\/\/diariodocomercio.com.br\/mix\/pronunciamento-de-lula-hoje-impacta-trabalhadores-brasileiros\/","title":{"rendered":"Pronunciamento de Lula hoje impacta trabalhadores brasileiros"},"content":{"rendered":"\n<p>O presidente Luiz In\u00e1cio Lula da Silva far\u00e1 um pronunciamento em cadeia nacional de r\u00e1dio e televis\u00e3o nesta quinta-feira (30), \u00e0s 20h30, em um momento considerado estrat\u00e9gico pelo governo federal. A fala, com dura\u00e7\u00e3o prevista de sete minutos, ocorre na v\u00e9spera do 1\u00ba de maio, data simb\u00f3lica para trabalhadores, e deve trazer an\u00fancios com potencial impacto direto na vida financeira de milh\u00f5es de brasileiros.<\/p>\n\n\n\n<p>Entre os principais temas do discurso est\u00e1 o novo programa de renegocia\u00e7\u00e3o de d\u00edvidas, conhecido como Desenrola 2.0, al\u00e9m do debate sobre o fim da escala de trabalho 6&#215;1. As duas pautas v\u00eam sendo tratadas como priorit\u00e1rias pelo Pal\u00e1cio do Planalto e fazem parte da agenda econ\u00f4mica e social do governo.<\/p>\n\n\n\n<p>O Desenrola 2.0 deve ampliar o alcance da primeira vers\u00e3o do programa, com foco em pessoas f\u00edsicas que enfrentam dificuldades financeiras. Segundo informa\u00e7\u00f5es j\u00e1 antecipadas, a proposta prev\u00ea prazo de at\u00e9 quatro anos para pagamento das d\u00edvidas, com juros limitados a 1,99% ao m\u00eas.<\/p>\n\n\n\n<p>A iniciativa tamb\u00e9m pode oferecer descontos expressivos, que variam entre 40% e 90% do valor total devido, dependendo do perfil do d\u00e9bito. Est\u00e3o eleg\u00edveis d\u00edvidas com atraso entre 91 dias e dois anos, e o programa deve atender cidad\u00e3os com renda de at\u00e9 cinco sal\u00e1rios m\u00ednimos.<\/p>\n\n\n\n<p>Outro ponto em discuss\u00e3o \u00e9 a possibilidade de utiliza\u00e7\u00e3o de parte do Fundo de Garantia do Tempo de Servi\u00e7o (FGTS) para quitar d\u00e9bitos. O governo tamb\u00e9m estuda mecanismos para restringir o uso de recursos renegociados em apostas online, em meio \u00e0 preocupa\u00e7\u00e3o com o aumento do endividamento associado a esse tipo de atividade.<\/p>\n\n\n<div class=\"wp-block-image\">\n<figure class=\"aligncenter size-full\"><img decoding=\"async\" width=\"540\" height=\"360\" src=\"https:\/\/diariodocomercio.com.br\/mix\/wp-content\/uploads\/2025\/10\/image-265.png\" alt=\"FGTS\" class=\"wp-image-24313\" srcset=\"https:\/\/diariodocomercio.com.br\/mix\/wp-content\/uploads\/2025\/10\/image-265.png 540w, https:\/\/diariodocomercio.com.br\/mix\/wp-content\/uploads\/2025\/10\/image-265-300x200.png 300w, https:\/\/diariodocomercio.com.br\/mix\/wp-content\/uploads\/2025\/10\/image-265-150x100.png 150w\" sizes=\"(max-width: 540px) 100vw, 540px\" \/><figcaption class=\"wp-element-caption\">(Reprodu\u00e7\u00e3o\/Adobe Stock)<\/figcaption><\/figure>\n<\/div>\n\n\n<h2 class=\"wp-block-heading\"><strong>Debate sobre jornada de trabalho avan\u00e7a no Congresso<\/strong><\/h2>\n\n\n\n<p>Al\u00e9m das medidas econ\u00f4micas, o pronunciamento deve refor\u00e7ar a discuss\u00e3o sobre mudan\u00e7as na jornada de trabalho no Brasil. A proposta em an\u00e1lise prev\u00ea a redu\u00e7\u00e3o da carga semanal de 44 para 40 horas, al\u00e9m da garantia de dois dias de descanso remunerado \u2014 o que, na pr\u00e1tica, pode consolidar o modelo 5&#215;2.<\/p>\n\n\n\n<p>A iniciativa tamb\u00e9m dialoga com propostas mais amplas em tramita\u00e7\u00e3o no Congresso, como o fim da escala 6&#215;1, que atualmente atinge cerca de 14 milh\u00f5es de trabalhadores. Estima-se que mudan\u00e7as nesse modelo possam beneficiar at\u00e9 37,2 milh\u00f5es de pessoas em todo o pa\u00eds.<\/p>\n\n\n\n<p>A expectativa do governo \u00e9 avan\u00e7ar com o tema nas pr\u00f3ximas semanas, enquanto busca equilibrar interesses de trabalhadores, empresas e setores produtivos.<\/p>\n\n\n\n<p>O pronunciamento ocorre em um cen\u00e1rio pol\u00edtico sens\u00edvel. Partidos de oposi\u00e7\u00e3o j\u00e1 acionaram o Tribunal Superior Eleitoral (TSE), alegando poss\u00edvel uso da cadeia nacional para promo\u00e7\u00e3o pol\u00edtica. Ainda assim, o governo mant\u00e9m o plano de utilizar a data para apresentar medidas que considera centrais para a economia e o mercado de trabalho.<\/p>\n","protected":false},"excerpt":{"rendered":"<p>O presidente Luiz In\u00e1cio Lula da Silva far\u00e1 um pronunciamento em cadeia nacional de r\u00e1dio e televis\u00e3o nesta quinta-feira (30), \u00e0s 20h30, em um momento considerado estrat\u00e9gico pelo governo federal. A fala, com dura\u00e7\u00e3o prevista de sete minutos, ocorre na v\u00e9spera do 1\u00ba de maio, data simb\u00f3lica para trabalhadores, e deve trazer an\u00fancios com potencial [&hellip;]<\/p>\n","protected":false},"author":9,"featured_media":40526,"comment_status":"closed","ping_status":"closed","sticky":false,"template":"","format":"standard","meta":{"jnews-multi-image_gallery":[],"jnews_single_post":{"format":"standard"},"jnews_primary_category":[],"jnews_social_meta":[],"jnews_override_counter":[],"jnews_post_split":[],"footnotes":""},"categories":[1],"tags":[],"class_list":["post-43756","post","type-post","status-publish","format-standard","has-post-thumbnail","hentry","category-geral"],"_referencia":"","_links":{"self":[{"href":"https:\/\/diariodocomercio.com.br\/mix\/wp-json\/wp\/v2\/posts\/43756","targetHints":{"allow":["GET"]}}],"collection":[{"href":"https:\/\/diariodocomercio.com.br\/mix\/wp-json\/wp\/v2\/posts"}],"about":[{"href":"https:\/\/diariodocomercio.com.br\/mix\/wp-json\/wp\/v2\/types\/post"}],"author":[{"embeddable":true,"href":"https:\/\/diariodocomercio.com.br\/mix\/wp-json\/wp\/v2\/users\/9"}],"replies":[{"embeddable":true,"href":"https:\/\/diariodocomercio.com.br\/mix\/wp-json\/wp\/v2\/comments?post=43756"}],"version-history":[{"count":1,"href":"https:\/\/diariodocomercio.com.br\/mix\/wp-json\/wp\/v2\/posts\/43756\/revisions"}],"predecessor-version":[{"id":43757,"href":"https:\/\/diariodocomercio.com.br\/mix\/wp-json\/wp\/v2\/posts\/43756\/revisions\/43757"}],"wp:featuredmedia":[{"embeddable":true,"href":"https:\/\/diariodocomercio.com.br\/mix\/wp-json\/wp\/v2\/media\/40526"}],"wp:attachment":[{"href":"https:\/\/diariodocomercio.com.br\/mix\/wp-json\/wp\/v2\/media?parent=43756"}],"wp:term":[{"taxonomy":"category","embeddable":true,"href":"https:\/\/diariodocomercio.com.br\/mix\/wp-json\/wp\/v2\/categories?post=43756"},{"taxonomy":"post_tag","embeddable":true,"href":"https:\/\/diariodocomercio.com.br\/mix\/wp-json\/wp\/v2\/tags?post=43756"}],"curies":[{"name":"wp","href":"https:\/\/api.w.org\/{rel}","templated":true}]}}