{"id":43764,"date":"2026-04-30T17:17:00","date_gmt":"2026-04-30T20:17:00","guid":{"rendered":"https:\/\/diariodocomercio.com.br\/mix\/?p=43764"},"modified":"2026-04-30T17:02:32","modified_gmt":"2026-04-30T20:02:32","slug":"beneficio-no-brasil-e-confirmado-para-novas-613-mil-pessoas-no-pais","status":"publish","type":"post","link":"https:\/\/diariodocomercio.com.br\/mix\/beneficio-no-brasil-e-confirmado-para-novas-613-mil-pessoas-no-pais\/","title":{"rendered":"Benef\u00edcio no Brasil \u00e9 confirmado para novas 613 mil pessoas no pa\u00eds"},"content":{"rendered":"\n<p>O Brasil registrou a cria\u00e7\u00e3o de 613.373 novos postos de trabalho com carteira assinada entre janeiro e mar\u00e7o de 2026, segundo dados do Novo Cadastro Geral de Empregados e Desempregados (Caged), divulgados pelo Minist\u00e9rio do Trabalho. O resultado refor\u00e7a a expans\u00e3o do mercado formal, embora indique uma desacelera\u00e7\u00e3o em rela\u00e7\u00e3o ao mesmo per\u00edodo de 2025.<\/p>\n\n\n\n<p>Apenas no m\u00eas de mar\u00e7o, foram abertas 228.208 vagas formais no pa\u00eds, n\u00famero acima das expectativas do mercado, que projetava cerca de 160 mil novos postos. Apesar do desempenho positivo, o acumulado do trimestre \u00e9 cerca de 10% inferior ao registrado no ano passado, quando o saldo chegou a 675.119 vagas.<\/p>\n\n\n\n<p>De acordo com o ministro do Trabalho, Luiz Marinho, a perda de ritmo na gera\u00e7\u00e3o de empregos est\u00e1 diretamente ligada ao atual patamar elevado da taxa de juros. Segundo ele, o custo do cr\u00e9dito mais alto tem impacto direto nas decis\u00f5es de investimento das empresas e, consequentemente, na abertura de novas vagas.<\/p>\n\n\n\n<p>Mesmo com a desacelera\u00e7\u00e3o, o mercado de trabalho segue aquecido. Desde janeiro de 2023 at\u00e9 mar\u00e7o deste ano, o pa\u00eds acumulou mais de 7,1 milh\u00f5es de empregos gerados, sendo mais de 5 milh\u00f5es com carteira assinada.<\/p>\n\n\n\n<h2 class=\"wp-block-heading\"><strong>Setores e regi\u00f5es com melhor desempenho<\/strong><\/h2>\n\n\n\n<p>Quatro dos cinco principais setores da economia registraram saldo positivo de vagas em mar\u00e7o. O destaque ficou com o setor de servi\u00e7os, respons\u00e1vel por mais de 152 mil novas vagas, seguido por constru\u00e7\u00e3o civil, ind\u00fastria e com\u00e9rcio. A agropecu\u00e1ria foi o \u00fanico segmento com resultado negativo, reflexo de fatores sazonais ligados \u00e0 produ\u00e7\u00e3o agr\u00edcola.<\/p>\n\n\n\n<p>Regionalmente, 24 das 27 unidades da federa\u00e7\u00e3o tiveram saldo positivo. S\u00e3o Paulo liderou a gera\u00e7\u00e3o de empregos, com cerca de 67 mil vagas abertas, seguido por Minas Gerais e Rio de Janeiro. Na outra ponta, estados como Alagoas, Mato Grosso e Sergipe apresentaram retra\u00e7\u00e3o no per\u00edodo.<\/p>\n\n\n\n<h2 class=\"wp-block-heading\"><strong>Perfil das vagas e renda<\/strong><\/h2>\n\n\n\n<p>O sal\u00e1rio m\u00e9dio de admiss\u00e3o em mar\u00e7o foi de R$ 2.350,83, com leve queda em rela\u00e7\u00e3o ao m\u00eas anterior. Ainda assim, o valor representa aumento quando comparado ao mesmo per\u00edodo de 2025.<\/p>\n\n\n\n<p>Os dados tamb\u00e9m indicam crescimento tanto para homens quanto para mulheres, com maior n\u00famero de vagas sendo ocupado pelo p\u00fablico feminino no m\u00eas analisado.<\/p>\n\n\n\n<p>Apesar dos n\u00fameros positivos, especialistas apontam desafios estruturais, especialmente entre os jovens, que ainda enfrentam maior dificuldade de inser\u00e7\u00e3o no mercado formal e concentram-se em ocupa\u00e7\u00f5es de menor remunera\u00e7\u00e3o e alta rotatividade.<\/p>\n","protected":false},"excerpt":{"rendered":"<p>O Brasil registrou a cria\u00e7\u00e3o de 613.373 novos postos de trabalho com carteira assinada entre janeiro e mar\u00e7o de 2026, segundo dados do Novo Cadastro Geral de Empregados e Desempregados (Caged), divulgados pelo Minist\u00e9rio do Trabalho. O resultado refor\u00e7a a expans\u00e3o do mercado formal, embora indique uma desacelera\u00e7\u00e3o em rela\u00e7\u00e3o ao mesmo per\u00edodo de 2025. [&hellip;]<\/p>\n","protected":false},"author":9,"featured_media":37704,"comment_status":"closed","ping_status":"closed","sticky":false,"template":"","format":"standard","meta":{"jnews-multi-image_gallery":[],"jnews_single_post":{"format":"standard"},"jnews_primary_category":[],"jnews_social_meta":[],"jnews_override_counter":[],"jnews_post_split":[],"footnotes":""},"categories":[1],"tags":[],"class_list":["post-43764","post","type-post","status-publish","format-standard","has-post-thumbnail","hentry","category-geral"],"_referencia":"","_links":{"self":[{"href":"https:\/\/diariodocomercio.com.br\/mix\/wp-json\/wp\/v2\/posts\/43764","targetHints":{"allow":["GET"]}}],"collection":[{"href":"https:\/\/diariodocomercio.com.br\/mix\/wp-json\/wp\/v2\/posts"}],"about":[{"href":"https:\/\/diariodocomercio.com.br\/mix\/wp-json\/wp\/v2\/types\/post"}],"author":[{"embeddable":true,"href":"https:\/\/diariodocomercio.com.br\/mix\/wp-json\/wp\/v2\/users\/9"}],"replies":[{"embeddable":true,"href":"https:\/\/diariodocomercio.com.br\/mix\/wp-json\/wp\/v2\/comments?post=43764"}],"version-history":[{"count":1,"href":"https:\/\/diariodocomercio.com.br\/mix\/wp-json\/wp\/v2\/posts\/43764\/revisions"}],"predecessor-version":[{"id":43768,"href":"https:\/\/diariodocomercio.com.br\/mix\/wp-json\/wp\/v2\/posts\/43764\/revisions\/43768"}],"wp:featuredmedia":[{"embeddable":true,"href":"https:\/\/diariodocomercio.com.br\/mix\/wp-json\/wp\/v2\/media\/37704"}],"wp:attachment":[{"href":"https:\/\/diariodocomercio.com.br\/mix\/wp-json\/wp\/v2\/media?parent=43764"}],"wp:term":[{"taxonomy":"category","embeddable":true,"href":"https:\/\/diariodocomercio.com.br\/mix\/wp-json\/wp\/v2\/categories?post=43764"},{"taxonomy":"post_tag","embeddable":true,"href":"https:\/\/diariodocomercio.com.br\/mix\/wp-json\/wp\/v2\/tags?post=43764"}],"curies":[{"name":"wp","href":"https:\/\/api.w.org\/{rel}","templated":true}]}}